{"id":6597,"date":"2022-02-23T11:44:30","date_gmt":"2022-02-23T11:44:30","guid":{"rendered":"http:\/\/canserrat.org\/?p=6597"},"modified":"2022-05-04T08:00:36","modified_gmt":"2022-05-04T08:00:36","slug":"ashley-noelle-ver-beek","status":"publish","type":"post","link":"http:\/\/canserrat.org\/ca\/ashley-noelle-ver-beek","title":{"rendered":"Ashley Noelle Ver Beek"},"content":{"rendered":"<img decoding=\"async\" loading=\"lazy\" class=\"size-medium wp-image-6599 aligncenter\" src=\"http:\/\/canserrat.org\/wp-content\/uploads\/2022\/02\/MG_4067-Ashley-VerBeek-1-300x200.jpg\" alt=\"\" width=\"300\" height=\"200\" \/><\/p>\n<p>&nbsp;<\/p>\n<p><span data-sheets-value=\"{&quot;1&quot;:2,&quot;2&quot;:&quot;Ashley Noelle Ver Beek (she\/her\/ella) is a multidisciplinary creator and question-asker. Her roles as writer\/musician\/scholar are co-constitutive, constantly informing each other, and would not exist in the same way without the others. Interconnectedness underscores all we encounter.\\n\\nHer writing, relationships, and work explore the topics of religion\/spirituality, empire, anti-US imperialism, decolonization, conflict resolution, and embodied resistance.\\n\\nShe is currently exploring how the microcosms we create of small communities can be our primary\/most immediate\/most intimate practice of embodying justice and unlearning\/healing from the mechanisms of empire: capitalism, white-bodied supremacy, and other forms of being in the world that are detrimental to ourselves and our planet. \\n\\nAs Anishinaabe writer Leanne Betasamosake Simpson puts it, \u201cHow do we live and work together?\u201d \\n\\nAshley holds a B.A. in critical ethnic studies from Kalamazoo College, with minors in political science and music. Her work has developed through positions in immigration law, policy advocacy through the YWCA, focus group facilitation, greenhouse vegetable sales, after-school tutoring, and her most recent work as an editorial assistant and fact-checker. &quot;}\" data-sheets-userformat=\"{&quot;2&quot;:513,&quot;3&quot;:{&quot;1&quot;:0},&quot;12&quot;:0}\">Ashley Noelle Ver Beek (ella) \u00e9s una creadora multidisciplin\u00e0ria que es fa preguntes. Els seus papers d&#8217;escriptora\/m\u00fasica\/acad\u00e8mica s\u00f3n co-constitutius, i es q\u00fcestionen constantment entre si, preguntant-se si existirien de la mateixa manera sense els altres. La interconnexi\u00f3 subratlla tot el que trobem.<\/span><\/p>\n<p>Els seus escrits, relacions i treballs exploren els temes de religi\u00f3\/espiritualitat, l&#8217;imperi, l&#8217;imperialisme antiestatunidenc, la descolonitzaci\u00f3, la resoluci\u00f3 de conflictes i la resist\u00e8ncia encarnada.<\/p>\n<p>Actualment est\u00e0 explorant com els microcosmos que creem en les petites comunitats poden ser la nostra pr\u00e0ctica prim\u00e0ria, m\u00e9s immediata i m\u00e9s \u00edntima per a encarnar la just\u00edcia i desaprendre i sanar els mecanismes de l&#8217;imperi: el capitalisme, la supremacia del cos blanc i altres maneres d&#8217;estar en el m\u00f3n que s\u00f3n perjudicials per a nosaltres mateixos i per al nostre planeta.<\/p>\n<p>Com diu l&#8217;escriptora Anishinaabe Leanne Betasamosake Simpson: &#8220;Com vivim i treballem junts?&#8221;.<\/p>\n<p>Ashley\u00a0\u00e9s llicenciada en estudis \u00e8tnics cr\u00edtics pel\u00a0Kalamazoo\u00a0College, amb especialitzaci\u00f3 en ci\u00e8ncies pol\u00edtiques i m\u00fasica. El seu treball s&#8217;ha desenvolupat a trav\u00e9s de llocs en la llei d&#8217;immigraci\u00f3, la defensa de la pol\u00edtica a trav\u00e9s de la\u00a0YWCA, la facilitaci\u00f3 de grups d&#8217;enfocament, la venda de verdures d&#8217;hivernacle, la tutoria despr\u00e9s de l&#8217;escola, i el seu m\u00e9s recent treball com a assistent editorial i verificador de fets.<\/p>\n<p>Ashley Noelle estar\u00e0 en resid\u00e8ncia a Can Serrat durant el mes d&#8217;abril de 2022.","protected":false},"excerpt":{"rendered":"<p>&nbsp; Ashley Noelle Ver Beek (ella) \u00e9s una creadora multidisciplin\u00e0ria que es fa preguntes. Els seus papers d&#8217;escriptora\/m\u00fasica\/acad\u00e8mica s\u00f3n co-constitutius, i es q\u00fcestionen constantment entre si, preguntant-se si existirien de la mateixa manera sense els altres. La interconnexi\u00f3 subratlla tot &hellip; <a href=\"http:\/\/canserrat.org\/ca\/ashley-noelle-ver-beek\">Continued<\/a><\/p>\n","protected":false},"author":4,"featured_media":6599,"comment_status":"closed","ping_status":"closed","sticky":false,"template":"","format":"standard","meta":{"_monsterinsights_skip_tracking":false,"_monsterinsights_sitenote_active":false,"_monsterinsights_sitenote_note":"","_monsterinsights_sitenote_category":0,"footnotes":""},"categories":[22,10,11],"tags":[],"_links":{"self":[{"href":"http:\/\/canserrat.org\/ca\/wp-json\/wp\/v2\/posts\/6597"}],"collection":[{"href":"http:\/\/canserrat.org\/ca\/wp-json\/wp\/v2\/posts"}],"about":[{"href":"http:\/\/canserrat.org\/ca\/wp-json\/wp\/v2\/types\/post"}],"author":[{"embeddable":true,"href":"http:\/\/canserrat.org\/ca\/wp-json\/wp\/v2\/users\/4"}],"replies":[{"embeddable":true,"href":"http:\/\/canserrat.org\/ca\/wp-json\/wp\/v2\/comments?post=6597"}],"version-history":[{"count":4,"href":"http:\/\/canserrat.org\/ca\/wp-json\/wp\/v2\/posts\/6597\/revisions"}],"predecessor-version":[{"id":6606,"href":"http:\/\/canserrat.org\/ca\/wp-json\/wp\/v2\/posts\/6597\/revisions\/6606"}],"wp:featuredmedia":[{"embeddable":true,"href":"http:\/\/canserrat.org\/ca\/wp-json\/wp\/v2\/media\/6599"}],"wp:attachment":[{"href":"http:\/\/canserrat.org\/ca\/wp-json\/wp\/v2\/media?parent=6597"}],"wp:term":[{"taxonomy":"category","embeddable":true,"href":"http:\/\/canserrat.org\/ca\/wp-json\/wp\/v2\/categories?post=6597"},{"taxonomy":"post_tag","embeddable":true,"href":"http:\/\/canserrat.org\/ca\/wp-json\/wp\/v2\/tags?post=6597"}],"curies":[{"name":"wp","href":"https:\/\/api.w.org\/{rel}","templated":true}]}}