{"id":6399,"date":"2021-11-30T14:36:37","date_gmt":"2021-11-30T14:36:37","guid":{"rendered":"http:\/\/canserrat.org\/?p=6399"},"modified":"2021-12-02T14:56:42","modified_gmt":"2021-12-02T14:56:42","slug":"call-result-winter-spring-2022-residency-visual-artists","status":"publish","type":"post","link":"http:\/\/canserrat.org\/ca\/call-result-winter-spring-2022-residency-visual-artists","title":{"rendered":"RESULTAT CONVOCATORIA &#8211; Estiu &#8211; Tardor 2022 &#8211; Artistes Visuals"},"content":{"rendered":"<div class=\"tlid-input input\">\n<div class=\"source-wrap\">\n<div class=\"input-full-height-wrapper tlid-input-full-height-wrapper\">\n<div class=\"source-input\">\n<div class=\"source-footer-wrap source-or-target-footer\">\n<div class=\"character-count tlid-character-count\">\n<p>En el marc d&#8217;aquest jurat, es van rebre moltes sol\u00b7licituds d&#8217;artistes visuals de tot el m\u00f3n i un gran nombre d&#8217;elles eren d&#8217;una qualitat impressionant. El jurat ha gaudit molt de tots els projectes presentats i, una vegada m\u00e9s, ha estat un repte fer la selecci\u00f3. Despr\u00e9s de passar hores debatent, han estat seleccionades 21 propostes per a integrar el programa de resid\u00e8ncia (1 beca completa, 10 beca#1, 10 beca#2). El jurat va tenir molta cura de convidar a projectes que fossin espec\u00edficament rellevants per al context de Ca Serrat.<\/p>\n<p>L&#8217;equip de Can Serrat desitja estar a la disposici\u00f3 de qualsevol persona que s&#8217;hagi presentat i vulgui con\u00e8ixer el resultat d&#8217;aquesta convocat\u00f2ria amb m\u00e9s detall; sembla important dedicar temps a aquesta transpar\u00e8ncia i oferir comentaris. Donada la realitat dels nostres limitats recursos humans i la quantitat de treball a realitzar per un equip molt petit, \u00e9s un repte crear aquest espai. Per tant, li demanem que, si decideix demanar-nos opini\u00f3, tingui paci\u00e8ncia, ja que podem trigar a respondre.<\/p>\n<\/div>\n<\/div>\n<\/div>\n<\/div>\n<\/div>\n<\/div>\n<div><\/div>\n<div>\n<p>&nbsp;<\/p>\n<p><strong>Jurat:<\/strong><\/p>\n<p>Sophie Blais _ Directora de Can Serrat<\/p>\n<p>Sarah Goodchild Robb _ Coordinaci\u00f3 art\u00edstica y comunicaci\u00f3<\/p>\n<p><a href=\"https:\/\/foradecamp.hotglue.me\/\" target=\"_blank\" rel=\"noopener noreferrer\">Fora de Camp<\/a>_ Residencia n\u00f3mada basada en la comunitat<\/p>\n<\/div>\n<p>&nbsp;<\/p>\n<p>&nbsp;<\/p>\n<div>\n<div>\n<p>BECA COMPLETA &#8212;<\/p>\n<p style=\"padding-left: 120px;\"><strong><span style=\"color: #00ff00;\">Debora Incorvaia<\/span><\/strong><\/p>\n<p>&nbsp;<\/p>\n<p>BECA PARCIAL #1 &#8212;<\/p>\n<p style=\"padding-left: 120px;\"><span style=\"color: #00ff00;\"><strong>Cathy Kossack<\/strong><\/span><\/p>\n<p style=\"padding-left: 120px;\"><span style=\"color: #00ff00;\"><strong>Marion Sage<\/strong><\/span><\/p>\n<p style=\"padding-left: 120px;\"><span style=\"color: #00ff00;\"><strong>Yngvild Nergaard and Hanne Ekkeren<\/strong><\/span><\/p>\n<p style=\"padding-left: 120px;\"><span style=\"color: #00ff00;\"><strong>Bel\u00e9n Charpentier<\/strong><\/span><\/p>\n<p style=\"padding-left: 120px;\"><span style=\"color: #00ff00;\"><strong>Ingrid Kristensen Bj\u00f8rnaali<\/strong><\/span><\/p>\n<p style=\"padding-left: 120px;\"><span style=\"color: #00ff00;\"><strong>Giulia Paradell<\/strong><\/span><\/p>\n<p style=\"padding-left: 120px;\"><span style=\"color: #00ff00;\"><strong>Anabelle Michon<\/strong><\/span><\/p>\n<p style=\"padding-left: 120px;\"><span style=\"color: #00ff00;\"><strong>F\u00e1bio Ara\u00fajo<\/strong><\/span><\/p>\n<p style=\"padding-left: 120px;\"><span style=\"color: #00ff00;\"><strong>Natalia Lazaro Prevost<\/strong><\/span><\/p>\n<p style=\"padding-left: 120px;\"><span style=\"color: #00ff00;\"><strong>Vivek Muthuramalingam<\/strong><\/span><\/p>\n<p>&nbsp;<\/p>\n<\/div>\n<p>BECA PARCIAL #2 &#8212;<\/p>\n<p style=\"padding-left: 120px;\"><strong><span style=\"color: #00ff00;\">Daniel Vincent Hansen<\/span><\/strong><\/p>\n<p style=\"padding-left: 120px;\"><strong><span style=\"color: #00ff00;\">GeoVanna Gonzalez<\/span><\/strong><\/p>\n<p style=\"padding-left: 120px;\"><strong><span style=\"color: #00ff00;\">Keith Wilson<\/span><\/strong><\/p>\n<p style=\"padding-left: 120px;\"><strong><span style=\"color: #00ff00;\">Gabriela Novoa<\/span><\/strong><\/p>\n<p style=\"padding-left: 120px;\"><strong><span style=\"color: #00ff00;\">Haillot Anna<\/span><\/strong><\/p>\n<p style=\"padding-left: 120px;\"><strong><span style=\"color: #00ff00;\">Maria Monegro<\/span><\/strong><\/p>\n<p style=\"padding-left: 120px;\"><strong><span style=\"color: #00ff00;\">Jessica Benter<\/span><\/strong><\/p>\n<p style=\"padding-left: 120px;\"><strong><span style=\"color: #00ff00;\">Tuba Koymen<\/span><\/strong><\/p>\n<p style=\"padding-left: 120px;\"><strong><span style=\"color: #00ff00;\">Irene Brok<\/span><\/strong><\/p>\n<p style=\"padding-left: 120px;\"><strong><span style=\"color: #00ff00;\">Banbha McCann<\/span><\/strong><\/p>\n<\/div>\n<p>&nbsp;<\/p>\n<p>* Sabem que \u00e9s molt dif\u00edcil generar espais de cura dins d&#8217;una convocat\u00f2ria, per\u00f2 volem agrair de tot cor, a totes les persones que ens han fet arribar les seves propostes. Ha estat un plaer llegir-les, endinsar-se en les seves pr\u00e0ctiques i entrar en contacte amb elles.<\/p>\n<p>&nbsp;<\/p>\n<p>&nbsp;","protected":false},"excerpt":{"rendered":"<p>En el marc d&#8217;aquest jurat, es van rebre moltes sol\u00b7licituds d&#8217;artistes visuals de tot el m\u00f3n i un gran nombre d&#8217;elles eren d&#8217;una qualitat impressionant. El jurat ha gaudit molt de tots els projectes presentats i, una vegada m\u00e9s, ha &hellip; <a href=\"http:\/\/canserrat.org\/ca\/call-result-winter-spring-2022-residency-visual-artists\">Continued<\/a><\/p>\n","protected":false},"author":4,"featured_media":6083,"comment_status":"closed","ping_status":"closed","sticky":false,"template":"","format":"standard","meta":{"_monsterinsights_skip_tracking":false,"_monsterinsights_sitenote_active":false,"_monsterinsights_sitenote_note":"","_monsterinsights_sitenote_category":0,"footnotes":""},"categories":[22,37],"tags":[],"_links":{"self":[{"href":"http:\/\/canserrat.org\/ca\/wp-json\/wp\/v2\/posts\/6399"}],"collection":[{"href":"http:\/\/canserrat.org\/ca\/wp-json\/wp\/v2\/posts"}],"about":[{"href":"http:\/\/canserrat.org\/ca\/wp-json\/wp\/v2\/types\/post"}],"author":[{"embeddable":true,"href":"http:\/\/canserrat.org\/ca\/wp-json\/wp\/v2\/users\/4"}],"replies":[{"embeddable":true,"href":"http:\/\/canserrat.org\/ca\/wp-json\/wp\/v2\/comments?post=6399"}],"version-history":[{"count":7,"href":"http:\/\/canserrat.org\/ca\/wp-json\/wp\/v2\/posts\/6399\/revisions"}],"predecessor-version":[{"id":6409,"href":"http:\/\/canserrat.org\/ca\/wp-json\/wp\/v2\/posts\/6399\/revisions\/6409"}],"wp:featuredmedia":[{"embeddable":true,"href":"http:\/\/canserrat.org\/ca\/wp-json\/wp\/v2\/media\/6083"}],"wp:attachment":[{"href":"http:\/\/canserrat.org\/ca\/wp-json\/wp\/v2\/media?parent=6399"}],"wp:term":[{"taxonomy":"category","embeddable":true,"href":"http:\/\/canserrat.org\/ca\/wp-json\/wp\/v2\/categories?post=6399"},{"taxonomy":"post_tag","embeddable":true,"href":"http:\/\/canserrat.org\/ca\/wp-json\/wp\/v2\/tags?post=6399"}],"curies":[{"name":"wp","href":"https:\/\/api.w.org\/{rel}","templated":true}]}}