{"id":5642,"date":"2020-12-17T12:26:25","date_gmt":"2020-12-17T12:26:25","guid":{"rendered":"http:\/\/canserrat.org\/?p=5642"},"modified":"2025-07-04T14:00:11","modified_gmt":"2025-07-04T14:00:11","slug":"writingresultsummer2021","status":"publish","type":"post","link":"http:\/\/canserrat.org\/ca\/writingresultsummer2021","title":{"rendered":"(Espa\u00f1ol) RESULTADO CONVOCATORIA &#8211; Verano 2021 &#8211; escritura"},"content":{"rendered":"<p class=\"qtranxs-available-languages-message qtranxs-available-languages-message-ca\">Ho sentim, aquesta entrada est\u00e0 disponible nom\u00e9s en <a href=\"http:\/\/canserrat.org\/es\/wp-json\/wp\/v2\/posts\/5642\" class=\"qtranxs-available-language-link qtranxs-available-language-link-es\" title=\"Espa\u00f1ol\">Espanyol Europeu<\/a> y <a href=\"http:\/\/canserrat.org\/en\/wp-json\/wp\/v2\/posts\/5642\" class=\"qtranxs-available-language-link qtranxs-available-language-link-en\" title=\"English\">Angl\u00e8s Americ\u00e0<\/a>. For the sake of viewer convenience, the content is shown below in one of the available alternative languages. You may click one of the links to switch the site language to another available language.<\/p><div class=\"tlid-input input\">\n<div class=\"source-wrap\">\n<div class=\"input-full-height-wrapper tlid-input-full-height-wrapper\">\n<div class=\"source-input\">\n<div class=\"source-footer-wrap source-or-target-footer\">\n<div class=\"character-count tlid-character-count\"><span class=\"\" title=\"\">En el marco de este jurado, se recibieron muchas solicitudes de escritorxs de todo el mundo y un gran n\u00famero de ellas fueron de una calidad impresionante.<\/span> <span title=\"\">El jurado pas\u00f3 varias horas debatiendo y seleccion\u00f3 6 propuestas para integrar el programa de residencia (1 beca completa, 3 beca # 1, 2 beca # 2).<\/span> Vista la situaci\u00f3n sanitarias y su consecuencias sociales y econ\u00f3micas, Can Serrat se ve en la obligaci\u00f3n de modificar sus calendario de convocatorias para 2021 y el numero habituales de becas parciales previstas seg\u00fan cada modalidad. El equipo de la residencia esta en discusi\u00f3n y a la escucha de la evoluci\u00f3n de la situaci\u00f3n sanitaria para terminar de definir el calendario de convocatorias y becas completas y parciales, previstas para 2022.<\/div>\n<\/div>\n<\/div>\n<\/div>\n<\/div>\n<\/div>\n<div><\/div>\n<div>\n<p>&nbsp;<\/p>\n<p><strong>Jurado:<\/strong><\/p>\n<p><span style=\"font-weight: 400;\">Agustina Gurevich _ escritora (Beca Completa 2020)<\/span><\/p>\n<p><span style=\"font-weight: 400;\">Sophie Blais &amp; Sarah Goodchild Robb _\u00a0 CAN SERRAT<\/span><\/p>\n<p>&nbsp;<\/p>\n<p>BECA COMPLETA &#8212;<\/p>\n<p style=\"padding-left: 160px;\"><span style=\"color: #00ff00;\"><b>Jorge \u00c1valos<\/b><\/span><\/p>\n<p>BECA PARCIAL#1 &#8212;<\/p>\n<p style=\"padding-left: 160px;\"><span style=\"color: #00ff00;\"><strong>Michelle Roche Rodr\u00edguez<\/strong><\/span><\/p>\n<p style=\"padding-left: 160px;\"><span style=\"color: #00ff00;\"><strong>Barbara Ofosu-Somuah &amp; Candice Whitney<\/strong><\/span><\/p>\n<p style=\"padding-left: 160px;\"><span style=\"color: #00ff00;\"><strong>Sol Cayrol<\/strong><\/span><\/p>\n<p>BECA PARCIAL#2 &#8212;<\/p>\n<p style=\"padding-left: 160px;\"><strong><span style=\"color: #00ff00;\">Marta Bausells<\/span><\/strong><\/p>\n<p style=\"padding-left: 160px;\"><strong><span style=\"color: #00ff00;\">Olga Codina<\/span><\/strong><\/p>\n<p>&nbsp;<\/p>\n<\/div>\n<p>As\u00ed mismo, el jurado ha valorado muy positivamente las propuestas de:* &#8212;<\/p>\n<p>&nbsp;<\/p>\n<p style=\"padding-left: 160px;\"><span style=\"color: #00ff00;\"><strong>Ximena Araya Guti\u00e9rrez<\/strong><\/span><\/p>\n<p style=\"padding-left: 160px;\"><span style=\"color: #00ff00;\"><strong>Diego Cristian Salda\u00f1a Sifuentes<\/strong><\/span><\/p>\n<p style=\"padding-left: 160px;\"><span style=\"color: #00ff00;\"><strong>Marta Navarro Ros<\/strong><\/span><\/p>\n<p style=\"padding-left: 160px;\"><span style=\"color: #00ff00;\"><strong>Perez Tomas<\/strong><\/span><\/p>\n<p style=\"padding-left: 160px;\"><span style=\"color: #00ff00;\"><strong>Juan Maisonnave<\/strong><\/span><\/p>\n<p style=\"padding-left: 160px;\"><span style=\"color: #00ff00;\"><strong>Yaiza Berrocal<\/strong><\/span><\/p>\n<p style=\"padding-left: 160px;\"><span style=\"color: #00ff00;\"><strong>Jillian Vasquez<\/strong><\/span><\/p>\n<p style=\"padding-left: 160px;\"><span style=\"color: #00ff00;\"><strong>Masiel Zagal<\/strong><\/span><\/p>\n<p style=\"padding-left: 160px;\"><span style=\"color: #00ff00;\"><strong>Irene Vivas Lalinde\u00a0<\/strong><\/span><\/p>\n<p style=\"padding-left: 160px;\"><span style=\"color: #00ff00;\"><strong>Manuel Antonio Morales Felipe<\/strong><\/span><\/p>\n<p style=\"padding-left: 160px;\"><span style=\"color: #00ff00;\"><strong>Nicol\u00e1s Barrasa<\/strong><\/span><\/p>\n<p>*Sabemos que es muy dif\u00edcil generar espacios de cuidado dentro de una convocatoria, pero queremos agradecer, de todo coraz\u00f3n, a todas las personas que nos han hecho llegar sus propuestas. Ha sido un placer leerlas, adentrarse en sus pr\u00e1cticas y entrar en contacto con ellas.","protected":false},"excerpt":{"rendered":"<p>Ho sentim, aquesta entrada est\u00e0 disponible nom\u00e9s en Espanyol Europeu y Angl\u00e8s Americ\u00e0. For the sake of viewer convenience, the content is shown below in one of the available alternative languages. You may click one of the links to switch &hellip; <a href=\"http:\/\/canserrat.org\/ca\/writingresultsummer2021\">Continued<\/a><\/p>\n","protected":false},"author":3,"featured_media":0,"comment_status":"closed","ping_status":"closed","sticky":false,"template":"","format":"standard","meta":{"_monsterinsights_skip_tracking":false,"_monsterinsights_sitenote_active":false,"_monsterinsights_sitenote_note":"","_monsterinsights_sitenote_category":0,"footnotes":""},"categories":[71,37],"tags":[],"_links":{"self":[{"href":"http:\/\/canserrat.org\/ca\/wp-json\/wp\/v2\/posts\/5642"}],"collection":[{"href":"http:\/\/canserrat.org\/ca\/wp-json\/wp\/v2\/posts"}],"about":[{"href":"http:\/\/canserrat.org\/ca\/wp-json\/wp\/v2\/types\/post"}],"author":[{"embeddable":true,"href":"http:\/\/canserrat.org\/ca\/wp-json\/wp\/v2\/users\/3"}],"replies":[{"embeddable":true,"href":"http:\/\/canserrat.org\/ca\/wp-json\/wp\/v2\/comments?post=5642"}],"version-history":[{"count":4,"href":"http:\/\/canserrat.org\/ca\/wp-json\/wp\/v2\/posts\/5642\/revisions"}],"predecessor-version":[{"id":5649,"href":"http:\/\/canserrat.org\/ca\/wp-json\/wp\/v2\/posts\/5642\/revisions\/5649"}],"wp:attachment":[{"href":"http:\/\/canserrat.org\/ca\/wp-json\/wp\/v2\/media?parent=5642"}],"wp:term":[{"taxonomy":"category","embeddable":true,"href":"http:\/\/canserrat.org\/ca\/wp-json\/wp\/v2\/categories?post=5642"},{"taxonomy":"post_tag","embeddable":true,"href":"http:\/\/canserrat.org\/ca\/wp-json\/wp\/v2\/tags?post=5642"}],"curies":[{"name":"wp","href":"https:\/\/api.w.org\/{rel}","templated":true}]}}