{"id":5438,"date":"2020-07-20T11:56:42","date_gmt":"2020-07-20T11:56:42","guid":{"rendered":"http:\/\/canserrat.org\/?p=5438"},"modified":"2020-07-20T11:57:06","modified_gmt":"2020-07-20T11:57:06","slug":"call-result-contemporary-art-winter-residency-2021","status":"publish","type":"post","link":"http:\/\/canserrat.org\/ca\/call-result-contemporary-art-winter-residency-2021","title":{"rendered":"(Espa\u00f1ol) RESULTADO DE CONVOCATORIA &#8211; ARTE CONTEMPORANEO &#8211; RESIDENCIA DE INVIERNO 2021"},"content":{"rendered":"<p class=\"qtranxs-available-languages-message qtranxs-available-languages-message-ca\">Ho sentim, aquesta entrada est\u00e0 disponible nom\u00e9s en <a href=\"http:\/\/canserrat.org\/es\/wp-json\/wp\/v2\/posts\/5438\" class=\"qtranxs-available-language-link qtranxs-available-language-link-es\" title=\"Espa\u00f1ol\">Espanyol Europeu<\/a> y <a href=\"http:\/\/canserrat.org\/en\/wp-json\/wp\/v2\/posts\/5438\" class=\"qtranxs-available-language-link qtranxs-available-language-link-en\" title=\"English\">Angl\u00e8s Americ\u00e0<\/a>. For the sake of viewer convenience, the content is shown below in one of the available alternative languages. You may click one of the links to switch the site language to another available language.<\/p>En el marco de este jurado, se recibieron mucha solicitudes de artistas de todas partes del mundo. El jurado debati\u00f3 durante horas y agradece la grande calidad de las propuestas. Se seleccionaron 16 propuestas con beca y 5 propuestas en lista de espera.<\/p>\n<p>&nbsp;<\/p>\n<p><strong>Jurado:<\/strong><\/p>\n<p><span style=\"font-weight: 400;\">Laura Bel &#8212; agente cultural y activista (Espa\u00f1a) &#8212; invitada por PARASITIO#3 (2020-2022) a Can Serrat.<\/span><\/p>\n<p><span style=\"font-weight: 400;\">Sophie Blais &amp; Sarah Goodchild Robb _\u00a0 CAN SERRAT<\/span><\/p>\n<p>&nbsp;<\/p>\n<p>BECA COMPLETA on-site &#8212;<\/p>\n<p style=\"padding-left: 160px;\"><span style=\"color: #00ff00;\"><strong>Vaughan Pilikian<\/strong><\/span><\/p>\n<p>BECA#1 &#8212;<\/p>\n<p style=\"padding-left: 160px;\"><strong><span style=\"color: #00ff00;\">Jordie Oetken<\/span><\/strong><\/p>\n<p style=\"padding-left: 160px;\"><strong><span style=\"color: #00ff00;\">Tessa Liebman<\/span><\/strong><\/p>\n<p style=\"padding-left: 160px;\"><strong><span style=\"color: #00ff00;\">Henrik Koppen<\/span><\/strong><\/p>\n<p style=\"padding-left: 160px;\"><strong><span style=\"color: #00ff00;\">Abid Aslam<\/span><\/strong><\/p>\n<p style=\"padding-left: 160px;\"><strong><span style=\"color: #00ff00;\">Eunbi Lee<\/span><\/strong><\/p>\n<p>BECA#2 &#8212;<\/p>\n<p style=\"padding-left: 160px;\"><strong><span style=\"color: #00ff00;\">Luis Sebasti\u00e1n Sanabria<\/span><\/strong><\/p>\n<p style=\"padding-left: 160px;\"><strong><span style=\"color: #00ff00;\">Alessandra Pilkington<\/span><\/strong><\/p>\n<p style=\"padding-left: 160px;\"><strong><span style=\"color: #00ff00;\">Ana Mar\u00eda Poveda P\u00e9rez<\/span><\/strong><\/p>\n<p style=\"padding-left: 160px;\"><strong><span style=\"color: #00ff00;\">Adrien Segal<\/span><\/strong><\/p>\n<p style=\"padding-left: 160px;\"><strong><span style=\"color: #00ff00;\">Katja H\u00f8st<\/span><\/strong><\/p>\n<p>&nbsp;<\/p>\n<p>BECA#3 &#8212;<\/p>\n<p style=\"padding-left: 160px;\"><strong><span style=\"color: #00ff00;\">Tobias Lind\u00e8n<\/span><\/strong><\/p>\n<p style=\"padding-left: 160px;\"><strong><span style=\"color: #00ff00;\">KAJAL KASHYAP<\/span><\/strong><\/p>\n<p style=\"padding-left: 160px;\"><strong><span style=\"color: #00ff00;\">Elena Greta Falcini<\/span><\/strong><\/p>\n<p style=\"padding-left: 160px;\"><strong><span style=\"color: #00ff00;\">Maria Kubysh<\/span><\/strong><\/p>\n<p style=\"padding-left: 160px;\"><strong><span style=\"color: #00ff00;\">Alexandru Buescu<\/span><\/strong><\/p>\n<p>LISTA DE ESPERA &#8212;<\/p>\n<p style=\"padding-left: 160px;\"><strong><span style=\"color: #00ff00;\">Julie Hermoso Correa<\/span><\/strong><\/p>\n<p style=\"padding-left: 160px;\"><strong><span style=\"color: #00ff00;\">Liv Due<\/span><\/strong><\/p>\n<p style=\"padding-left: 160px;\"><strong><span style=\"color: #00ff00;\">Emma Gunnarsson<\/span><\/strong><\/p>\n<p style=\"padding-left: 160px;\"><strong><span style=\"color: #00ff00;\">Daniel Taylor<\/span><\/strong><\/p>\n<p style=\"padding-left: 160px;\"><strong><span style=\"color: #00ff00;\">Hildegunn Solb\u00f8<\/span><\/strong><\/p>\n<p>&nbsp;","protected":false},"excerpt":{"rendered":"<p>Ho sentim, aquesta entrada est\u00e0 disponible nom\u00e9s en Espanyol Europeu y Angl\u00e8s Americ\u00e0. For the sake of viewer convenience, the content is shown below in one of the available alternative languages. You may click one of the links to switch &hellip; <a href=\"http:\/\/canserrat.org\/ca\/call-result-contemporary-art-winter-residency-2021\">Continued<\/a><\/p>\n","protected":false},"author":3,"featured_media":0,"comment_status":"closed","ping_status":"closed","sticky":false,"template":"","format":"standard","meta":{"_monsterinsights_skip_tracking":false,"_monsterinsights_sitenote_active":false,"_monsterinsights_sitenote_note":"","_monsterinsights_sitenote_category":0,"footnotes":""},"categories":[22,37],"tags":[],"_links":{"self":[{"href":"http:\/\/canserrat.org\/ca\/wp-json\/wp\/v2\/posts\/5438"}],"collection":[{"href":"http:\/\/canserrat.org\/ca\/wp-json\/wp\/v2\/posts"}],"about":[{"href":"http:\/\/canserrat.org\/ca\/wp-json\/wp\/v2\/types\/post"}],"author":[{"embeddable":true,"href":"http:\/\/canserrat.org\/ca\/wp-json\/wp\/v2\/users\/3"}],"replies":[{"embeddable":true,"href":"http:\/\/canserrat.org\/ca\/wp-json\/wp\/v2\/comments?post=5438"}],"version-history":[{"count":2,"href":"http:\/\/canserrat.org\/ca\/wp-json\/wp\/v2\/posts\/5438\/revisions"}],"predecessor-version":[{"id":5442,"href":"http:\/\/canserrat.org\/ca\/wp-json\/wp\/v2\/posts\/5438\/revisions\/5442"}],"wp:attachment":[{"href":"http:\/\/canserrat.org\/ca\/wp-json\/wp\/v2\/media?parent=5438"}],"wp:term":[{"taxonomy":"category","embeddable":true,"href":"http:\/\/canserrat.org\/ca\/wp-json\/wp\/v2\/categories?post=5438"},{"taxonomy":"post_tag","embeddable":true,"href":"http:\/\/canserrat.org\/ca\/wp-json\/wp\/v2\/tags?post=5438"}],"curies":[{"name":"wp","href":"https:\/\/api.w.org\/{rel}","templated":true}]}}