{"id":3265,"date":"2019-03-22T11:22:05","date_gmt":"2019-03-22T11:22:05","guid":{"rendered":"http:\/\/canserrat.org\/?p=3265"},"modified":"2019-11-06T12:31:26","modified_gmt":"2019-11-06T12:31:26","slug":"bruno-caracol","status":"publish","type":"post","link":"http:\/\/canserrat.org\/ca\/bruno-caracol","title":{"rendered":"Bruno Caracol"},"content":{"rendered":"<img decoding=\"async\" loading=\"lazy\" class=\" wp-image-3266 aligncenter\" src=\"http:\/\/canserrat.org\/wp-content\/uploads\/2019\/03\/bruno-300x225.jpg\" alt=\"\" width=\"275\" height=\"206\" srcset=\"http:\/\/canserrat.org\/wp-content\/uploads\/2019\/03\/bruno-300x225.jpg 300w, http:\/\/canserrat.org\/wp-content\/uploads\/2019\/03\/bruno-533x400.jpg 533w, http:\/\/canserrat.org\/wp-content\/uploads\/2019\/03\/bruno.jpg 1010w\" sizes=\"(max-width: 275px) 100vw, 275px\" \/><\/p>\n<p><span style=\"font-weight: 400;\">Bruno Caragol (1980).<\/span><\/p>\n<p><span style=\"font-weight: 400;\">Va estudiar Disseny i Arts Visuals a la Facultat de Belles Arts de Lisboa, on viu,<\/span><\/p>\n<p><span style=\"font-weight: 400;\">participant en l&#8217;espectacle col\u00b7lectiu GMURDA. El 2017 va completar un M\u00e0ster en<\/span><\/p>\n<p><span style=\"font-weight: 400;\">Ci\u00e8ncies de la comunicaci\u00f3, en FCSH-NOVA, al voltant de la idea de la &#8220;naturalesa salvatge&#8221; com una construcci\u00f3 moderna, i va participar en el DNA Contemporary Dance Festival, a Pamplona, \u200b\u200bEspanya, hi ha la Biennal d&#8217;Arts de Cerveira, Portugal. En els \u00faltims anys ha participat en diversos actes i esdeveniments art\u00edstics com la &#8220;Plataforma Trafaria&#8221;, col\u00b7laboraci\u00f3 entre la Plataforma Trobo, des d&#8217;Hamburg, l&#8217;Associaci\u00f3 EDA, de Lisboa, el 2016 i la Triennal d&#8217;Arquitectura de Lisboa, el 2014. Entre 2009 i 2011 va formar part de Capacete, una resid\u00e8ncia art\u00edstica a Rio de janeiro. Durant aquest per\u00edode, va participar en l&#8217;esdeveniment &#8220;V: E: R: &#8220;, a Terra Una, Mines Gerais, en el programa d&#8217;exhibici\u00f3 CCSP, a S\u00e3o Paulo; i va organitzar juntament amb Maria Moreira i Marcelo Wasem, un cicle d&#8217;esdeveniments en \/ amb artistes col\u00b7lectius de Rio de Janeiro, &#8220;Jogos de Escuta&#8221;.<\/span><\/p>\n<p>Resident a Can Serrat del 02 &#8211; 31\/05\/2019<\/p>\n<p>&nbsp;<\/p>\n<h4><span style=\"color: #33cccc;\">Sobre el seu proc\u00e9s de treball a la resid\u00e8ncia&gt;&gt;<\/span><\/h4>\n<iframe src=\"\/\/docs.google.com\/viewer?url=http%3A%2F%2Fcanserrat.org%2Fwp-content%2Fuploads%2F2019%2F03%2FCheckpoint_BrunoCaracol_05-2019.pdf&hl=es&embedded=true\" class=\"gde-frame\" style=\"width:100%; height:500px; border: none;\" scrolling=\"no\"><\/iframe>\n<p class=\"gde-text\"><a href=\"http:\/\/canserrat.org\/wp-content\/uploads\/2019\/03\/Checkpoint_BrunoCaracol_05-2019.pdf\" class=\"gde-link\">Descargar (PDF, 750KB)<\/a><\/p>","protected":false},"excerpt":{"rendered":"<p>Bruno Caragol (1980). Va estudiar Disseny i Arts Visuals a la Facultat de Belles Arts de Lisboa, on viu, participant en l&#8217;espectacle col\u00b7lectiu GMURDA. El 2017 va completar un M\u00e0ster en Ci\u00e8ncies de la comunicaci\u00f3, en FCSH-NOVA, al voltant de &hellip; <a href=\"http:\/\/canserrat.org\/ca\/bruno-caracol\">Continued<\/a><\/p>\n","protected":false},"author":4,"featured_media":3266,"comment_status":"closed","ping_status":"closed","sticky":false,"template":"","format":"standard","meta":{"_monsterinsights_skip_tracking":false,"_monsterinsights_sitenote_active":false,"_monsterinsights_sitenote_note":"","_monsterinsights_sitenote_category":0,"footnotes":""},"categories":[10,30,11],"tags":[],"_links":{"self":[{"href":"http:\/\/canserrat.org\/ca\/wp-json\/wp\/v2\/posts\/3265"}],"collection":[{"href":"http:\/\/canserrat.org\/ca\/wp-json\/wp\/v2\/posts"}],"about":[{"href":"http:\/\/canserrat.org\/ca\/wp-json\/wp\/v2\/types\/post"}],"author":[{"embeddable":true,"href":"http:\/\/canserrat.org\/ca\/wp-json\/wp\/v2\/users\/4"}],"replies":[{"embeddable":true,"href":"http:\/\/canserrat.org\/ca\/wp-json\/wp\/v2\/comments?post=3265"}],"version-history":[{"count":4,"href":"http:\/\/canserrat.org\/ca\/wp-json\/wp\/v2\/posts\/3265\/revisions"}],"predecessor-version":[{"id":4283,"href":"http:\/\/canserrat.org\/ca\/wp-json\/wp\/v2\/posts\/3265\/revisions\/4283"}],"wp:featuredmedia":[{"embeddable":true,"href":"http:\/\/canserrat.org\/ca\/wp-json\/wp\/v2\/media\/3266"}],"wp:attachment":[{"href":"http:\/\/canserrat.org\/ca\/wp-json\/wp\/v2\/media?parent=3265"}],"wp:term":[{"taxonomy":"category","embeddable":true,"href":"http:\/\/canserrat.org\/ca\/wp-json\/wp\/v2\/categories?post=3265"},{"taxonomy":"post_tag","embeddable":true,"href":"http:\/\/canserrat.org\/ca\/wp-json\/wp\/v2\/tags?post=3265"}],"curies":[{"name":"wp","href":"https:\/\/api.w.org\/{rel}","templated":true}]}}