{"id":3255,"date":"2019-03-22T10:24:42","date_gmt":"2019-03-22T10:24:42","guid":{"rendered":"http:\/\/canserrat.org\/?p=3255"},"modified":"2019-06-04T12:23:49","modified_gmt":"2019-06-04T12:23:49","slug":"tegan-l-smith","status":"publish","type":"post","link":"http:\/\/canserrat.org\/ca\/tegan-l-smith","title":{"rendered":"Floy Krouchi"},"content":{"rendered":"<img decoding=\"async\" loading=\"lazy\" class=\"aligncenter wp-image-3257 size-large\" src=\"http:\/\/canserrat.org\/wp-content\/uploads\/2019\/03\/Floy-1024x673.jpg\" alt=\"\" width=\"940\" height=\"618\" srcset=\"http:\/\/canserrat.org\/wp-content\/uploads\/2019\/03\/Floy-1024x673.jpg 1024w, http:\/\/canserrat.org\/wp-content\/uploads\/2019\/03\/Floy-300x197.jpg 300w, http:\/\/canserrat.org\/wp-content\/uploads\/2019\/03\/Floy-609x400.jpg 609w, http:\/\/canserrat.org\/wp-content\/uploads\/2019\/03\/Floy.jpg 1144w\" sizes=\"(max-width: 940px) 100vw, 940px\" \/><\/p>\n<p><span style=\"font-weight: 400;\">Floy Krouchi \u00e9s una artista de so i compositor de m\u00fasica electroac\u00fastica de Par\u00eds. Treballa amb el so com un fenomen en les seves m\u00faltiples dimensions: f\u00edsic, pl\u00e0stic, instrumental, abstracte i radiof\u00f2nic. Utilitza les qualitats vibrat\u00f2ries i invisibles d&#8217;aquest mitj\u00e0 com una met\u00e0fora d&#8217;aspectes no revelats de la realitat, q\u00fcestionant les percepcions i creant interrupcions en l&#8217;espai i el temps.<\/span><\/p>\n<p><span style=\"font-weight: 400;\">En les seves peces, el so i el silenci sovint formen un dispositiu antropol\u00f2gic per recopilar, investigar i reorganitzar fragments de realitat i identitats a trav\u00e9s de l&#8217;oralitat. L&#8217;escolta es considera una pr\u00e0ctica de resist\u00e8ncia a la productivitat imposada pel temps, la saturaci\u00f3 visual i el curt per\u00edode d&#8217;atenci\u00f3.<\/span><\/p>\n<p><span style=\"font-weight: 400;\">\u00daltimament, est\u00e0 investigant la relaci\u00f3 entre la tecnologia, la m\u00e0gia i les t\u00e8cniques d&#8217;avantguarda (com les retallades i el surrealisme).<\/span><\/p>\n<p><span style=\"color: #333399;\">\/\/\/ <a href=\"http:\/\/www.floykrouchi.org\/english\">floykrouchi.org <\/a>\/\/\/<\/span><\/p>\n<p>Resident amb beca completa a Can Serrat del 1 al 24\/05\/2019","protected":false},"excerpt":{"rendered":"<p>Floy Krouchi \u00e9s una artista de so i compositor de m\u00fasica electroac\u00fastica de Par\u00eds. Treballa amb el so com un fenomen en les seves m\u00faltiples dimensions: f\u00edsic, pl\u00e0stic, instrumental, abstracte i radiof\u00f2nic. Utilitza les qualitats vibrat\u00f2ries i invisibles d&#8217;aquest mitj\u00e0 &hellip; <a href=\"http:\/\/canserrat.org\/ca\/tegan-l-smith\">Continued<\/a><\/p>\n","protected":false},"author":4,"featured_media":3257,"comment_status":"closed","ping_status":"closed","sticky":false,"template":"","format":"standard","meta":{"_monsterinsights_skip_tracking":false,"_monsterinsights_sitenote_active":false,"_monsterinsights_sitenote_note":"","_monsterinsights_sitenote_category":0,"footnotes":""},"categories":[1,10,11],"tags":[],"_links":{"self":[{"href":"http:\/\/canserrat.org\/ca\/wp-json\/wp\/v2\/posts\/3255"}],"collection":[{"href":"http:\/\/canserrat.org\/ca\/wp-json\/wp\/v2\/posts"}],"about":[{"href":"http:\/\/canserrat.org\/ca\/wp-json\/wp\/v2\/types\/post"}],"author":[{"embeddable":true,"href":"http:\/\/canserrat.org\/ca\/wp-json\/wp\/v2\/users\/4"}],"replies":[{"embeddable":true,"href":"http:\/\/canserrat.org\/ca\/wp-json\/wp\/v2\/comments?post=3255"}],"version-history":[{"count":6,"href":"http:\/\/canserrat.org\/ca\/wp-json\/wp\/v2\/posts\/3255\/revisions"}],"predecessor-version":[{"id":3488,"href":"http:\/\/canserrat.org\/ca\/wp-json\/wp\/v2\/posts\/3255\/revisions\/3488"}],"wp:featuredmedia":[{"embeddable":true,"href":"http:\/\/canserrat.org\/ca\/wp-json\/wp\/v2\/media\/3257"}],"wp:attachment":[{"href":"http:\/\/canserrat.org\/ca\/wp-json\/wp\/v2\/media?parent=3255"}],"wp:term":[{"taxonomy":"category","embeddable":true,"href":"http:\/\/canserrat.org\/ca\/wp-json\/wp\/v2\/categories?post=3255"},{"taxonomy":"post_tag","embeddable":true,"href":"http:\/\/canserrat.org\/ca\/wp-json\/wp\/v2\/tags?post=3255"}],"curies":[{"name":"wp","href":"https:\/\/api.w.org\/{rel}","templated":true}]}}