{"id":3060,"date":"2019-02-01T17:16:13","date_gmt":"2019-02-01T17:16:13","guid":{"rendered":"http:\/\/canserrat.org\/?p=3060"},"modified":"2019-11-06T12:20:09","modified_gmt":"2019-11-06T12:20:09","slug":"rodrigo-castillo","status":"publish","type":"post","link":"http:\/\/canserrat.org\/ca\/rodrigo-castillo","title":{"rendered":"Rodrigo Castillo"},"content":{"rendered":"<img decoding=\"async\" loading=\"lazy\" class=\"size-medium wp-image-3061 aligncenter\" src=\"http:\/\/canserrat.org\/wp-content\/uploads\/2019\/02\/Screenshot_5-204x300.jpg\" alt=\"Screenshot_5\" width=\"204\" height=\"300\" srcset=\"http:\/\/canserrat.org\/wp-content\/uploads\/2019\/02\/Screenshot_5-204x300.jpg 204w, http:\/\/canserrat.org\/wp-content\/uploads\/2019\/02\/Screenshot_5.jpg 516w\" sizes=\"(max-width: 204px) 100vw, 204px\" \/><\/p>\n<p>&nbsp;<\/p>\n<p>Rodrigo Castillo es un psic\u00f2leg de professi\u00f3, que fa molt de temps es va convertir en un amant de la literatura. La poesia va ser el seu primer acostament i despr\u00e9s es va dedicar a desenvolupar prosa escrivint alguns textos que a poc a poc es van transformar en hist\u00f2ries. Algunes d&#8217;aquestes obres s&#8217;han publicat en mitjans digitals i impresos a la ciutat d&#8217;Iquique, un lloc situat en l&#8217;extrem nord de Xile i on va n\u00e9ixer el 1980. Amb el pas del temps va aconseguir acabar una novel\u00b7la que va ser premiada el 2017 pel Ministeri d&#8217;Arts, Cultures i Patrimoni de Xile a trav\u00e9s del fons del llibre. Actualment practica la seva professi\u00f3 de forma privada i utilitza una bona part del seu temps per llegir, escriure i mai deixar d&#8217;experimentar amb la literatura.<\/p>\n<p>Resident a Can Serrat del 20\/2 al 18\/3\/2019<\/p>\n<p>&nbsp;<\/p>\n<h4><span style=\"color: #33cccc;\">Sobre el seu proc\u00e9s de treball a al resid\u00e8ncia &gt;&gt;<\/span><\/h4>\n<iframe src=\"\/\/docs.google.com\/viewer?url=http%3A%2F%2Fcanserrat.org%2Fwp-content%2Fuploads%2F2019%2F02%2FCheck-point_Rodrigo-Castillo_March-2019.pdf&hl=es&embedded=true\" class=\"gde-frame\" style=\"width:100%; height:500px; border: none;\" scrolling=\"no\"><\/iframe>\n<p class=\"gde-text\"><a href=\"http:\/\/canserrat.org\/wp-content\/uploads\/2019\/02\/Check-point_Rodrigo-Castillo_March-2019.pdf\" class=\"gde-link\">Descargar (PDF, 196KB)<\/a><\/p>\n<p>&nbsp;","protected":false},"excerpt":{"rendered":"<p>&nbsp; Rodrigo Castillo es un psic\u00f2leg de professi\u00f3, que fa molt de temps es va convertir en un amant de la literatura. La poesia va ser el seu primer acostament i despr\u00e9s es va dedicar a desenvolupar prosa escrivint alguns &hellip; <a href=\"http:\/\/canserrat.org\/ca\/rodrigo-castillo\">Continued<\/a><\/p>\n","protected":false},"author":4,"featured_media":3061,"comment_status":"closed","ping_status":"closed","sticky":false,"template":"","format":"standard","meta":{"_monsterinsights_skip_tracking":false,"_monsterinsights_sitenote_active":false,"_monsterinsights_sitenote_note":"","_monsterinsights_sitenote_category":0,"footnotes":""},"categories":[1,10,11],"tags":[],"_links":{"self":[{"href":"http:\/\/canserrat.org\/ca\/wp-json\/wp\/v2\/posts\/3060"}],"collection":[{"href":"http:\/\/canserrat.org\/ca\/wp-json\/wp\/v2\/posts"}],"about":[{"href":"http:\/\/canserrat.org\/ca\/wp-json\/wp\/v2\/types\/post"}],"author":[{"embeddable":true,"href":"http:\/\/canserrat.org\/ca\/wp-json\/wp\/v2\/users\/4"}],"replies":[{"embeddable":true,"href":"http:\/\/canserrat.org\/ca\/wp-json\/wp\/v2\/comments?post=3060"}],"version-history":[{"count":7,"href":"http:\/\/canserrat.org\/ca\/wp-json\/wp\/v2\/posts\/3060\/revisions"}],"predecessor-version":[{"id":4278,"href":"http:\/\/canserrat.org\/ca\/wp-json\/wp\/v2\/posts\/3060\/revisions\/4278"}],"wp:featuredmedia":[{"embeddable":true,"href":"http:\/\/canserrat.org\/ca\/wp-json\/wp\/v2\/media\/3061"}],"wp:attachment":[{"href":"http:\/\/canserrat.org\/ca\/wp-json\/wp\/v2\/media?parent=3060"}],"wp:term":[{"taxonomy":"category","embeddable":true,"href":"http:\/\/canserrat.org\/ca\/wp-json\/wp\/v2\/categories?post=3060"},{"taxonomy":"post_tag","embeddable":true,"href":"http:\/\/canserrat.org\/ca\/wp-json\/wp\/v2\/tags?post=3060"}],"curies":[{"name":"wp","href":"https:\/\/api.w.org\/{rel}","templated":true}]}}