{"id":2802,"date":"2018-10-08T13:43:35","date_gmt":"2018-10-08T13:43:35","guid":{"rendered":"http:\/\/canserrat.org\/?p=2802"},"modified":"2018-10-24T14:18:21","modified_gmt":"2018-10-24T14:18:21","slug":"dany-diaz","status":"publish","type":"post","link":"http:\/\/canserrat.org\/ca\/dany-diaz","title":{"rendered":"Dany Diaz"},"content":{"rendered":"<img decoding=\"async\" loading=\"lazy\" class=\"alignnone size-medium wp-image-2803 aligncenter\" src=\"http:\/\/canserrat.org\/wp-content\/uploads\/2018\/10\/Screenshot_7-254x300.jpg\" alt=\"Screenshot_7\" width=\"254\" height=\"300\" srcset=\"http:\/\/canserrat.org\/wp-content\/uploads\/2018\/10\/Screenshot_7-254x300.jpg 254w, http:\/\/canserrat.org\/wp-content\/uploads\/2018\/10\/Screenshot_7-338x400.jpg 338w, http:\/\/canserrat.org\/wp-content\/uploads\/2018\/10\/Screenshot_7.jpg 390w\" sizes=\"(max-width: 254px) 100vw, 254px\" \/><\/p>\n<p>Dany \u00e9s un escriptor emergent d\u2019una \u00e0rea rural d\u2019Hodures. Va comen\u00e7ar a explorar la seva creaci\u00f3 liter\u00e0ria m\u00e9s seriosament al 2017. El fill del seu amic, Marvin, va ser trobat mort en el bosc, a prop de casa seva.<\/p>\n<p>Va acompanyar a la germana de Marvin per retirar el cos de la morgue. Aquesta experi\u00e8ncia es va quedar amb ell durant mesos, fins que el va exorcitar atrav\u00e9s de les seves paraules a The promise, una cr\u00f2nica ficcional dels fets. Aix\u00ed \u00e9s com va comen\u00e7ar a treballar a Marginal, la seva col\u00b7lecci\u00f3 de relats que tracta amb un m\u00f3n invisible a Hondures, ple de gent que sobreviu tots els dies, que es mereix, que necesita ser informada. Recentment ha finalitzat el tercer relat d\u2019aquesta col\u00b7lecci\u00f3.<\/p>\n<p>Durant la seva resid\u00e8cia a Can Serrat consolidar\u00e0 el material que ha reunit en els seus diaris, identificar\u00e0 la documentaci\u00f3 que necessita, i escriur\u00e0 m\u00e9s hist\u00f2ries per la seva col\u00b7lecci\u00f3, i m\u00e9s hist\u00f2ries recents sobre com la gent ha viscut en aquestes guerres declarades, i en les que no ho est\u00e0n.","protected":false},"excerpt":{"rendered":"<p>Dany \u00e9s un escriptor emergent d\u2019una \u00e0rea rural d\u2019Hodures. Va comen\u00e7ar a explorar la seva creaci\u00f3 liter\u00e0ria m\u00e9s seriosament al 2017. El fill del seu amic, Marvin, va ser trobat mort en el bosc, a prop de casa seva. Va &hellip; <a href=\"http:\/\/canserrat.org\/ca\/dany-diaz\">Continued<\/a><\/p>\n","protected":false},"author":7,"featured_media":2803,"comment_status":"closed","ping_status":"closed","sticky":false,"template":"","format":"standard","meta":{"_monsterinsights_skip_tracking":false,"_monsterinsights_sitenote_active":false,"_monsterinsights_sitenote_note":"","_monsterinsights_sitenote_category":0,"footnotes":""},"categories":[22,11],"tags":[],"_links":{"self":[{"href":"http:\/\/canserrat.org\/ca\/wp-json\/wp\/v2\/posts\/2802"}],"collection":[{"href":"http:\/\/canserrat.org\/ca\/wp-json\/wp\/v2\/posts"}],"about":[{"href":"http:\/\/canserrat.org\/ca\/wp-json\/wp\/v2\/types\/post"}],"author":[{"embeddable":true,"href":"http:\/\/canserrat.org\/ca\/wp-json\/wp\/v2\/users\/7"}],"replies":[{"embeddable":true,"href":"http:\/\/canserrat.org\/ca\/wp-json\/wp\/v2\/comments?post=2802"}],"version-history":[{"count":4,"href":"http:\/\/canserrat.org\/ca\/wp-json\/wp\/v2\/posts\/2802\/revisions"}],"predecessor-version":[{"id":2821,"href":"http:\/\/canserrat.org\/ca\/wp-json\/wp\/v2\/posts\/2802\/revisions\/2821"}],"wp:featuredmedia":[{"embeddable":true,"href":"http:\/\/canserrat.org\/ca\/wp-json\/wp\/v2\/media\/2803"}],"wp:attachment":[{"href":"http:\/\/canserrat.org\/ca\/wp-json\/wp\/v2\/media?parent=2802"}],"wp:term":[{"taxonomy":"category","embeddable":true,"href":"http:\/\/canserrat.org\/ca\/wp-json\/wp\/v2\/categories?post=2802"},{"taxonomy":"post_tag","embeddable":true,"href":"http:\/\/canserrat.org\/ca\/wp-json\/wp\/v2\/tags?post=2802"}],"curies":[{"name":"wp","href":"https:\/\/api.w.org\/{rel}","templated":true}]}}