{"id":2471,"date":"2018-07-26T13:45:14","date_gmt":"2018-07-26T13:45:14","guid":{"rendered":"http:\/\/canserrat.org\/?p=2471"},"modified":"2018-09-06T09:25:55","modified_gmt":"2018-09-06T09:25:55","slug":"dayana-trigo-ramos","status":"publish","type":"post","link":"http:\/\/canserrat.org\/ca\/dayana-trigo-ramos","title":{"rendered":"Dayana Trigo Ramos"},"content":{"rendered":"<img decoding=\"async\" loading=\"lazy\" class=\"alignnone size-medium wp-image-2487 aligncenter\" src=\"http:\/\/canserrat.org\/wp-content\/uploads\/2018\/07\/Dayana-Trigo-Ramos-288x300.jpg\" alt=\"Dayana Trigo Ramos\" width=\"288\" height=\"300\" srcset=\"http:\/\/canserrat.org\/wp-content\/uploads\/2018\/07\/Dayana-Trigo-Ramos-288x300.jpg 288w, http:\/\/canserrat.org\/wp-content\/uploads\/2018\/07\/Dayana-Trigo-Ramos-982x1024.jpg 982w, http:\/\/canserrat.org\/wp-content\/uploads\/2018\/07\/Dayana-Trigo-Ramos-768x800.jpg 768w, http:\/\/canserrat.org\/wp-content\/uploads\/2018\/07\/Dayana-Trigo-Ramos-384x400.jpg 384w, http:\/\/canserrat.org\/wp-content\/uploads\/2018\/07\/Dayana-Trigo-Ramos.jpg 1810w\" sizes=\"(max-width: 288px) 100vw, 288px\" \/><\/p>\n<p>&nbsp;<\/p>\n<p>Dayana Trigo Ramos va n\u00e9ixer a Cuba, a La Habana, el 7 de mar\u00e7 de 1990. Resideix i treballa a La Habana. Graduada a l\u2019Acad\u00e8mia Nacional de Belles Arts San Alejandro (2009) i a la Facultat d\u2019Arts Visuals del Institutut Superior de Arte (2014). La seva primera instalaci\u00f3 URBE (2016) va ser part del projectes colaterals de la IX Bienal de La Habana. Va participar en la mostra col\u00b7lectiva S-T al maig de 2009, en el Centro Cultural de Estocolmo, Suecia. Va ser integrant del grup del 4rt projecte pedag\u00f2gic de l\u2019artista Ren\u00e9 Francisco Rodriguez. Com part d\u2019aquest projecte, va realitzar una s\u00e8rie d\u2019exposicions com CLASSPOOL, \u201cOFFSIDE EFFECT\u201d, a Tiblisi, Georgia (maig 2012) i en la curadoria CARTOGRAF\u00cdA DE LO IMPOSIBLE, en el Centro de Arte Contempor\u00e1neo Wilfredo Lam (abril de 2013). Juntament amb el grup, va ser invitada a a la XI Bienal de La Habana amb el projecte CIUDAD GENEROSA. La seva primera exposici\u00f3 personal va ser ENFERMEDAD DEL OLVIDO (2013). En el 2014 va realitzar la exposici\u00f3 personal CIRCULACION PERPETUA, investigaci\u00f3 per obtenir la llicenciatura.","protected":false},"excerpt":{"rendered":"<p>&nbsp; Dayana Trigo Ramos va n\u00e9ixer a Cuba, a La Habana, el 7 de mar\u00e7 de 1990. Resideix i treballa a La Habana. Graduada a l\u2019Acad\u00e8mia Nacional de Belles Arts San Alejandro (2009) i a la Facultat d\u2019Arts Visuals del &hellip; <a href=\"http:\/\/canserrat.org\/ca\/dayana-trigo-ramos\">Continued<\/a><\/p>\n","protected":false},"author":7,"featured_media":2487,"comment_status":"closed","ping_status":"closed","sticky":false,"template":"","format":"standard","meta":{"_monsterinsights_skip_tracking":false,"_monsterinsights_sitenote_active":false,"_monsterinsights_sitenote_note":"","_monsterinsights_sitenote_category":0,"footnotes":""},"categories":[10,11],"tags":[],"_links":{"self":[{"href":"http:\/\/canserrat.org\/ca\/wp-json\/wp\/v2\/posts\/2471"}],"collection":[{"href":"http:\/\/canserrat.org\/ca\/wp-json\/wp\/v2\/posts"}],"about":[{"href":"http:\/\/canserrat.org\/ca\/wp-json\/wp\/v2\/types\/post"}],"author":[{"embeddable":true,"href":"http:\/\/canserrat.org\/ca\/wp-json\/wp\/v2\/users\/7"}],"replies":[{"embeddable":true,"href":"http:\/\/canserrat.org\/ca\/wp-json\/wp\/v2\/comments?post=2471"}],"version-history":[{"count":2,"href":"http:\/\/canserrat.org\/ca\/wp-json\/wp\/v2\/posts\/2471\/revisions"}],"predecessor-version":[{"id":2488,"href":"http:\/\/canserrat.org\/ca\/wp-json\/wp\/v2\/posts\/2471\/revisions\/2488"}],"wp:featuredmedia":[{"embeddable":true,"href":"http:\/\/canserrat.org\/ca\/wp-json\/wp\/v2\/media\/2487"}],"wp:attachment":[{"href":"http:\/\/canserrat.org\/ca\/wp-json\/wp\/v2\/media?parent=2471"}],"wp:term":[{"taxonomy":"category","embeddable":true,"href":"http:\/\/canserrat.org\/ca\/wp-json\/wp\/v2\/categories?post=2471"},{"taxonomy":"post_tag","embeddable":true,"href":"http:\/\/canserrat.org\/ca\/wp-json\/wp\/v2\/tags?post=2471"}],"curies":[{"name":"wp","href":"https:\/\/api.w.org\/{rel}","templated":true}]}}