{"id":2416,"date":"2018-07-11T14:05:20","date_gmt":"2018-07-11T14:05:20","guid":{"rendered":"http:\/\/canserrat.org\/?p=2416"},"modified":"2019-11-05T12:43:18","modified_gmt":"2019-11-05T12:43:18","slug":"rodrigo-guillo-villar","status":"publish","type":"post","link":"http:\/\/canserrat.org\/ca\/rodrigo-guillo-villar","title":{"rendered":"Rodrigo (Guillo) Villar"},"content":{"rendered":"<img decoding=\"async\" loading=\"lazy\" class=\"size-medium wp-image-2417 aligncenter\" src=\"http:\/\/canserrat.org\/wp-content\/uploads\/2018\/07\/Guilo-Villar_foto-300x200.jpg\" alt=\"\" width=\"300\" height=\"200\" srcset=\"http:\/\/canserrat.org\/wp-content\/uploads\/2018\/07\/Guilo-Villar_foto-300x200.jpg 300w, http:\/\/canserrat.org\/wp-content\/uploads\/2018\/07\/Guilo-Villar_foto-1024x683.jpg 1024w, http:\/\/canserrat.org\/wp-content\/uploads\/2018\/07\/Guilo-Villar_foto-1200x800.jpg 1200w, http:\/\/canserrat.org\/wp-content\/uploads\/2018\/07\/Guilo-Villar_foto-600x400.jpg 600w\" sizes=\"(max-width: 300px) 100vw, 300px\" \/><\/p>\n<p>&nbsp;<\/p>\n<p>Rodrigo \u201cGuilo\u201d Villa \u00e9s sobretot, un m\u00fasic auto-gestionat, multiinstrumentista i compositor. Pianista de formaci\u00f3 cl\u00e0ssica i acad\u00e8mica del conservatori superior de m\u00fasica \u201cManuel de Falla\u201d. Ha desenvolupat una intensa labor educativa en la transcripci\u00f3 per a piano de nombroses peces de m\u00fasica popular llatinoamericana, traduint i arreglant can\u00e7ons d\u2019autors com Fito P\u00e1ez, Charly Garc\u00eda, L.A. Spinetta, Silvio Rodriguez, entre d\u2019altres, amb la finalitat d\u2019incloure la can\u00e7\u00f3 popular dins la formaci\u00f3 en les noves generacions d\u2019 artistes. Al 2015 edita el seu primer material solista \u201cY nosotros sin el sol\u201d sota la producci\u00f3 art\u00edstica de Guido Cefaly i amb Ariel Lavigna com a enginyer de la mescla. A Can Serrat acabar\u00e0 de composar el seu segon material discogr\u00e0fic \u201cAmncay\u201d, un projecte que es centra en la experimentaci\u00f3 sonora des de quotidi\u00e0fons (caixa de m\u00fasica, m\u00e0quina d\u2019escriure, piano de joguina) que s\u2019entrecreuen amb un format m\u00e9s convencional lligat al pop, rock o a la electr\u00f2nica, sempre amb la intenci\u00f3 de que la can\u00e7\u00f3 deixi de ser mencionada com un format per a ser reconeguda com a llenguatge universal.","protected":false},"excerpt":{"rendered":"<p>&nbsp; Rodrigo \u201cGuilo\u201d Villa \u00e9s sobretot, un m\u00fasic auto-gestionat, multiinstrumentista i compositor. Pianista de formaci\u00f3 cl\u00e0ssica i acad\u00e8mica del conservatori superior de m\u00fasica \u201cManuel de Falla\u201d. Ha desenvolupat una intensa labor educativa en la transcripci\u00f3 per a piano de nombroses &hellip; <a href=\"http:\/\/canserrat.org\/ca\/rodrigo-guillo-villar\">Continued<\/a><\/p>\n","protected":false},"author":7,"featured_media":2417,"comment_status":"closed","ping_status":"closed","sticky":false,"template":"","format":"standard","meta":{"_monsterinsights_skip_tracking":false,"_monsterinsights_sitenote_active":false,"_monsterinsights_sitenote_note":"","_monsterinsights_sitenote_category":0,"footnotes":""},"categories":[10,11],"tags":[],"_links":{"self":[{"href":"http:\/\/canserrat.org\/ca\/wp-json\/wp\/v2\/posts\/2416"}],"collection":[{"href":"http:\/\/canserrat.org\/ca\/wp-json\/wp\/v2\/posts"}],"about":[{"href":"http:\/\/canserrat.org\/ca\/wp-json\/wp\/v2\/types\/post"}],"author":[{"embeddable":true,"href":"http:\/\/canserrat.org\/ca\/wp-json\/wp\/v2\/users\/7"}],"replies":[{"embeddable":true,"href":"http:\/\/canserrat.org\/ca\/wp-json\/wp\/v2\/comments?post=2416"}],"version-history":[{"count":2,"href":"http:\/\/canserrat.org\/ca\/wp-json\/wp\/v2\/posts\/2416\/revisions"}],"predecessor-version":[{"id":4264,"href":"http:\/\/canserrat.org\/ca\/wp-json\/wp\/v2\/posts\/2416\/revisions\/4264"}],"wp:featuredmedia":[{"embeddable":true,"href":"http:\/\/canserrat.org\/ca\/wp-json\/wp\/v2\/media\/2417"}],"wp:attachment":[{"href":"http:\/\/canserrat.org\/ca\/wp-json\/wp\/v2\/media?parent=2416"}],"wp:term":[{"taxonomy":"category","embeddable":true,"href":"http:\/\/canserrat.org\/ca\/wp-json\/wp\/v2\/categories?post=2416"},{"taxonomy":"post_tag","embeddable":true,"href":"http:\/\/canserrat.org\/ca\/wp-json\/wp\/v2\/tags?post=2416"}],"curies":[{"name":"wp","href":"https:\/\/api.w.org\/{rel}","templated":true}]}}