{"id":2154,"date":"2018-03-08T15:38:30","date_gmt":"2018-03-08T15:38:30","guid":{"rendered":"http:\/\/canserrat.org\/?p=2154"},"modified":"2018-04-27T11:50:41","modified_gmt":"2018-04-27T11:50:41","slug":"pablo-reol","status":"publish","type":"post","link":"http:\/\/canserrat.org\/ca\/pablo-reol","title":{"rendered":"Pablo R\u00e9ol"},"content":{"rendered":"Nascut el 1989, Pablo Reol \u00e9s artista i fot\u00f2graf. Utilitza la imatge com a material, fent associacions f\u00edsiques i digitals que van des del collage fins a l&#8217;escultura i les instal\u00b7lacions, i s&#8217;est\u00e9n a l&#8217;edici\u00f3 i el material impr\u00e8s. La seva obra ha estat exhibida a Alemanya (Kunsthalle der Sparkasse; Leipzig), a M\u00e8xic (Oficina d&#8217;Art; Ciutat de M\u00e8xic), a Su\u00efssa (Centre de la Photographie; Gen\u00e8ve, Manifesta 11; Zurich), a Cuba (Biennal de l&#8217;Havana ) ia Fran\u00e7a (Jeune Cr\u00e9ation; Par\u00eds, Plein Jeu Frac de Reims).<\/p>\n<p><a href=\"http:\/\/labeautepourtous.tumblr.com\/\" target=\"_blank\">Pablo R\u00e9ol Web<\/a>","protected":false},"excerpt":{"rendered":"<p>Nascut el 1989, Pablo Reol \u00e9s artista i fot\u00f2graf. Utilitza la imatge com a material, fent associacions f\u00edsiques i digitals que van des del collage fins a l&#8217;escultura i les instal\u00b7lacions, i s&#8217;est\u00e9n a l&#8217;edici\u00f3 i el material impr\u00e8s. La &hellip; <a href=\"http:\/\/canserrat.org\/ca\/pablo-reol\">Continued<\/a><\/p>\n","protected":false},"author":3,"featured_media":2155,"comment_status":"closed","ping_status":"closed","sticky":false,"template":"","format":"standard","meta":{"_monsterinsights_skip_tracking":false,"_monsterinsights_sitenote_active":false,"_monsterinsights_sitenote_note":"","_monsterinsights_sitenote_category":0,"footnotes":""},"categories":[10,30,11],"tags":[],"_links":{"self":[{"href":"http:\/\/canserrat.org\/ca\/wp-json\/wp\/v2\/posts\/2154"}],"collection":[{"href":"http:\/\/canserrat.org\/ca\/wp-json\/wp\/v2\/posts"}],"about":[{"href":"http:\/\/canserrat.org\/ca\/wp-json\/wp\/v2\/types\/post"}],"author":[{"embeddable":true,"href":"http:\/\/canserrat.org\/ca\/wp-json\/wp\/v2\/users\/3"}],"replies":[{"embeddable":true,"href":"http:\/\/canserrat.org\/ca\/wp-json\/wp\/v2\/comments?post=2154"}],"version-history":[{"count":1,"href":"http:\/\/canserrat.org\/ca\/wp-json\/wp\/v2\/posts\/2154\/revisions"}],"predecessor-version":[{"id":2156,"href":"http:\/\/canserrat.org\/ca\/wp-json\/wp\/v2\/posts\/2154\/revisions\/2156"}],"wp:featuredmedia":[{"embeddable":true,"href":"http:\/\/canserrat.org\/ca\/wp-json\/wp\/v2\/media\/2155"}],"wp:attachment":[{"href":"http:\/\/canserrat.org\/ca\/wp-json\/wp\/v2\/media?parent=2154"}],"wp:term":[{"taxonomy":"category","embeddable":true,"href":"http:\/\/canserrat.org\/ca\/wp-json\/wp\/v2\/categories?post=2154"},{"taxonomy":"post_tag","embeddable":true,"href":"http:\/\/canserrat.org\/ca\/wp-json\/wp\/v2\/tags?post=2154"}],"curies":[{"name":"wp","href":"https:\/\/api.w.org\/{rel}","templated":true}]}}