{"id":2135,"date":"2018-03-07T12:19:07","date_gmt":"2018-03-07T12:19:07","guid":{"rendered":"http:\/\/canserrat.org\/?p=2135"},"modified":"2018-03-29T16:47:59","modified_gmt":"2018-03-29T16:47:59","slug":"agostina-flamini","status":"publish","type":"post","link":"http:\/\/canserrat.org\/ca\/agostina-flamini","title":{"rendered":"Agostina Flamini"},"content":{"rendered":"Agostina Flamini\u00a0(Salta- Argentina 1988) \u00e9s gestora cultural independent, artista visual llicenciada en Belles Arts i Magister en Investigaci\u00f3 i Creaci\u00f3 en Art per la Universitat Complutenses de Madrid, tamb\u00e9 ha realitzat cursos espec\u00edfics de Fotografia, Gesti\u00f3 Cultural, Cl\u00edniques d&#8217;Art i un postgrau en Art i Intervenci\u00f3 Social.<\/p>\n<p>Assumeix la pr\u00e0ctica art\u00edstica des de l&#8217;experi\u00e8ncia quotidiana. Els seus processos de producci\u00f3 estan travessats per l&#8217;alteraci\u00f3 i descontextualitzaci\u00f3, desconstrucci\u00f3 i construcci\u00f3 d&#8217;objectes i imatges; treballant des de l&#8217;\u00edntim, sense pautes pr\u00e8vies, en desenvolupaments que es fan visibles a partir d&#8217;aquest treball diari, que obren camins, alteren sentits i que pretenen fer m\u00e9s densa la seva c\u00e0rrega simb\u00f2lica.<\/p>\n<p>Entre ells es poden citar la fotografia, textos, videoart, \u00e0udios i dibuixos. Cadascun dels seus projectes est\u00e0 pensat a manera d&#8217;intervenci\u00f3 d&#8217;acord als aspectes f\u00edsics dels espais en qu\u00e8 es desenvolupen i s&#8217;exposen.<\/p>\n<p>Actualment resideix a Madrid i compatibilitza la seva investigaci\u00f3 art\u00edstica amb la seva tasca de gesti\u00f3 a La Carbonera, espai cultural alternatiu autogestionat fundat el 2015, del qual \u00e9s una de les fundadores.<\/p>\n<p><a href=\"https:\/\/www.agostinaflamini.com\/\" target=\"_blank\">Agostina Flamini Web<\/a>","protected":false},"excerpt":{"rendered":"<p>Agostina Flamini\u00a0(Salta- Argentina 1988) \u00e9s gestora cultural independent, artista visual llicenciada en Belles Arts i Magister en Investigaci\u00f3 i Creaci\u00f3 en Art per la Universitat Complutenses de Madrid, tamb\u00e9 ha realitzat cursos espec\u00edfics de Fotografia, Gesti\u00f3 Cultural, Cl\u00edniques d&#8217;Art i &hellip; <a href=\"http:\/\/canserrat.org\/ca\/agostina-flamini\">Continued<\/a><\/p>\n","protected":false},"author":3,"featured_media":2152,"comment_status":"closed","ping_status":"closed","sticky":false,"template":"","format":"standard","meta":{"_monsterinsights_skip_tracking":false,"_monsterinsights_sitenote_active":false,"_monsterinsights_sitenote_note":"","_monsterinsights_sitenote_category":0,"footnotes":""},"categories":[10,11],"tags":[],"_links":{"self":[{"href":"http:\/\/canserrat.org\/ca\/wp-json\/wp\/v2\/posts\/2135"}],"collection":[{"href":"http:\/\/canserrat.org\/ca\/wp-json\/wp\/v2\/posts"}],"about":[{"href":"http:\/\/canserrat.org\/ca\/wp-json\/wp\/v2\/types\/post"}],"author":[{"embeddable":true,"href":"http:\/\/canserrat.org\/ca\/wp-json\/wp\/v2\/users\/3"}],"replies":[{"embeddable":true,"href":"http:\/\/canserrat.org\/ca\/wp-json\/wp\/v2\/comments?post=2135"}],"version-history":[{"count":2,"href":"http:\/\/canserrat.org\/ca\/wp-json\/wp\/v2\/posts\/2135\/revisions"}],"predecessor-version":[{"id":2153,"href":"http:\/\/canserrat.org\/ca\/wp-json\/wp\/v2\/posts\/2135\/revisions\/2153"}],"wp:featuredmedia":[{"embeddable":true,"href":"http:\/\/canserrat.org\/ca\/wp-json\/wp\/v2\/media\/2152"}],"wp:attachment":[{"href":"http:\/\/canserrat.org\/ca\/wp-json\/wp\/v2\/media?parent=2135"}],"wp:term":[{"taxonomy":"category","embeddable":true,"href":"http:\/\/canserrat.org\/ca\/wp-json\/wp\/v2\/categories?post=2135"},{"taxonomy":"post_tag","embeddable":true,"href":"http:\/\/canserrat.org\/ca\/wp-json\/wp\/v2\/tags?post=2135"}],"curies":[{"name":"wp","href":"https:\/\/api.w.org\/{rel}","templated":true}]}}