{"id":2112,"date":"2018-08-03T12:27:38","date_gmt":"2018-08-03T12:27:38","guid":{"rendered":"http:\/\/canserrat.org\/?p=2112"},"modified":"2019-01-10T21:18:43","modified_gmt":"2019-01-10T21:18:43","slug":"espanol-fallo-jurado-__-escritores-enero-2018","status":"publish","type":"post","link":"http:\/\/canserrat.org\/ca\/espanol-fallo-jurado-__-escritores-enero-2018","title":{"rendered":"Resultat jurat __ Escriptors, Juny 2018"},"content":{"rendered":"En el marc d&#8217;aquest jurat, es van rebre 100 sol\u00b7licituds d&#8217;escriptors de totes parts del m\u00f3n i un gran nombre d&#8217;elles van ser d&#8217;una qualitat impressionant. Es conviden 20 persones al programa de resid\u00e8ncia per a 2018 i addicionalment s&#8217;ofereixen una beca completa i tres beques parcials per a 2019.<\/p>\n<p><span style=\"text-decoration: underline;\">Composici\u00f3 del jurat:<\/span><\/p>\n<p>Jurat convidat:<\/p>\n<ul>\n<li>Julie REVERB\u00a0 (Beca Completa escriptor, gener 2019) _ <a href=\"http:\/\/websafe2k16.com\/660066\" target=\"_blank\">http:\/\/websafe2k16.com\/660066<\/a><\/li>\n<\/ul>\n<p>Jurat regular:<\/p>\n<ul>\n<li>Sophie Blais _ Directora de Can Serrat<\/li>\n<li>Sarah Goodchild Robb _ Administraci\u00f3 general i coordinaci\u00f3 art\u00edstica<\/li>\n<li>Anna Pahissa_Comunicaci\u00f3 i coordinaci\u00f3 art\u00edstica<\/li>\n<\/ul>\n<p>&nbsp;<\/p>\n<p><strong>20 ESCRIPTORS CONVIDATS AL PROGRAMA DE RESID\u00c8NCIA (de septembre 2018 a febrer 2019)<br \/>\n<\/strong><\/p>\n<p>Felix Riemann<\/p>\n<p>Sepideh Karami<\/p>\n<p>Neus Casanova Vico<\/p>\n<p>Dasom Yang<\/p>\n<p>Robert Lisek<\/p>\n<p>George Moore<\/p>\n<p>Stipe Odak<\/p>\n<p>Mateo Mart\u00ednez Monfort<\/p>\n<p>Kristan George Bagdanov<\/p>\n<p>Rodrigo Castillo<\/p>\n<p>BAMarkus<\/p>\n<p>Koen Blauwblomme<\/p>\n<p>Sharon Angelhart<\/p>\n<p>Ana Obreza<\/p>\n<p>Gillian Barlow<\/p>\n<p>Joan Macchiavello<\/p>\n<p>Montse Soria<\/p>\n<p>Sandra Condori Mamani<\/p>\n<p>Piper Weiss<\/p>\n<p>Braulio Rub\u00e9n Tupaj<br \/>\n<strong>BECA COMPLETA _ septembre 2019:\u00a0 <\/strong>Mateo Ciambella<\/p>\n<p>&nbsp;<\/p>\n<p><strong>BECA PARCIAL # 1 _ gener &#8211; mar\u00e7 2019: <\/strong>Layla Ben\u00edtez-James<\/p>\n<p><strong>BECA PARCIAL # 2 _\u00a0gener &#8211; mar\u00e7 2019: <\/strong>Tom\u00e1s Browne<\/p>\n<p><strong>BECA PARCIAL # 3 _\u00a0gener &#8211; mar\u00e7 2019: <\/strong>Tammy ARMSTRONG<\/p>\n<p>&nbsp;<\/p>\n<p><strong>Llista d&#8217;espera<\/strong><\/p>\n<p>Georgina Arias Bello<\/p>\n<p>Madelaine Dickie","protected":false},"excerpt":{"rendered":"<p>En el marc d&#8217;aquest jurat, es van rebre 100 sol\u00b7licituds d&#8217;escriptors de totes parts del m\u00f3n i un gran nombre d&#8217;elles van ser d&#8217;una qualitat impressionant. Es conviden 20 persones al programa de resid\u00e8ncia per a 2018 i addicionalment s&#8217;ofereixen &hellip; <a href=\"http:\/\/canserrat.org\/ca\/espanol-fallo-jurado-__-escritores-enero-2018\">Continued<\/a><\/p>\n","protected":false},"author":3,"featured_media":0,"comment_status":"closed","ping_status":"closed","sticky":false,"template":"","format":"standard","meta":{"_monsterinsights_skip_tracking":false,"_monsterinsights_sitenote_active":false,"_monsterinsights_sitenote_note":"","_monsterinsights_sitenote_category":0,"footnotes":""},"categories":[37],"tags":[],"_links":{"self":[{"href":"http:\/\/canserrat.org\/ca\/wp-json\/wp\/v2\/posts\/2112"}],"collection":[{"href":"http:\/\/canserrat.org\/ca\/wp-json\/wp\/v2\/posts"}],"about":[{"href":"http:\/\/canserrat.org\/ca\/wp-json\/wp\/v2\/types\/post"}],"author":[{"embeddable":true,"href":"http:\/\/canserrat.org\/ca\/wp-json\/wp\/v2\/users\/3"}],"replies":[{"embeddable":true,"href":"http:\/\/canserrat.org\/ca\/wp-json\/wp\/v2\/comments?post=2112"}],"version-history":[{"count":29,"href":"http:\/\/canserrat.org\/ca\/wp-json\/wp\/v2\/posts\/2112\/revisions"}],"predecessor-version":[{"id":2764,"href":"http:\/\/canserrat.org\/ca\/wp-json\/wp\/v2\/posts\/2112\/revisions\/2764"}],"wp:attachment":[{"href":"http:\/\/canserrat.org\/ca\/wp-json\/wp\/v2\/media?parent=2112"}],"wp:term":[{"taxonomy":"category","embeddable":true,"href":"http:\/\/canserrat.org\/ca\/wp-json\/wp\/v2\/categories?post=2112"},{"taxonomy":"post_tag","embeddable":true,"href":"http:\/\/canserrat.org\/ca\/wp-json\/wp\/v2\/tags?post=2112"}],"curies":[{"name":"wp","href":"https:\/\/api.w.org\/{rel}","templated":true}]}}