{"id":1730,"date":"2017-12-05T13:54:30","date_gmt":"2017-12-05T13:54:30","guid":{"rendered":"http:\/\/canserrat.org\/?p=1730"},"modified":"2018-08-16T18:49:44","modified_gmt":"2018-08-16T18:49:44","slug":"javier-zamora-valdes","status":"publish","type":"post","link":"http:\/\/canserrat.org\/ca\/javier-zamora-valdes","title":{"rendered":"Javier Zamora Vald\u00e9s"},"content":{"rendered":"<span style=\"font-weight: 400;\">May 1, 1980. Ciutat de Havana. Cuba.<\/span><\/p>\n<p><span style=\"font-weight: 400;\">Ha estat format com a electricista i al mateix temps va prendre la decisi\u00f3 de dedicar-se a les arts pl\u00e0stiques, les mateixes que hi havia conreat des de petit. El 2008 s&#8217;ha ingressat a l&#8217;Acad\u00e8mia Nacional de Belles Arts Sant Alexandre, (Cuba) i s&#8217;ha graduat en l&#8217;any 2012 en l&#8217;especialitat de gravat. Des de llavors viu a El Salvador.<\/span><\/p>\n<p><span style=\"font-weight: 400;\">En aquest bell pa\u00eds, ha participat en diferents exposicions, cert\u00e0mens, subhastes i projectes relacionats amb les arts pl\u00e0stiques. Es va ocupar una part important del seu temps a la doc\u00e8ncia, amb persones de totes edats. Va ser seleccionat el 2016 per desenvolupar un conjunt escult\u00f2ric a Andalusia, Espanya. Al 2017 ha participat en el rodatge d&#8217;una pel\u00b7l\u00edcula i recentment una exposici\u00f3 individual a la Pinacoteca de la Universitat d&#8217;El Salvador. La seva recerca est\u00e0 centrada en develar aquells patrons que ens identifiquen com a esp\u00e8cie, independentment de la zona geogr\u00e0fica i context al qual pertanyem. Deixar const\u00e0ncia d&#8217;all\u00f2 que ens uneix, ja que aquelles coses que ens intenten separar abunden en exc\u00e9s.<\/span><\/p>\n<p>&nbsp;<\/p>\n<h4>Projecte a Can Serrat:<\/h4>\n<iframe src=\"\/\/docs.google.com\/viewer?url=http%3A%2F%2Fcanserrat.org%2Fwp-content%2Fuploads%2F2017%2F12%2FCheck-point_Javier-Zamora_30-May-2018.pdf&hl=es&embedded=true\" class=\"gde-frame\" style=\"width:100%; height:500px; border: none;\" scrolling=\"no\"><\/iframe>\n<p class=\"gde-text\"><a href=\"http:\/\/canserrat.org\/wp-content\/uploads\/2017\/12\/Check-point_Javier-Zamora_30-May-2018.pdf\" class=\"gde-link\">Descargar (PDF, 676KB)<\/a><\/p>","protected":false},"excerpt":{"rendered":"<p>May 1, 1980. Ciutat de Havana. Cuba. Ha estat format com a electricista i al mateix temps va prendre la decisi\u00f3 de dedicar-se a les arts pl\u00e0stiques, les mateixes que hi havia conreat des de petit. El 2008 s&#8217;ha ingressat &hellip; <a href=\"http:\/\/canserrat.org\/ca\/javier-zamora-valdes\">Continued<\/a><\/p>\n","protected":false},"author":3,"featured_media":1731,"comment_status":"closed","ping_status":"closed","sticky":false,"template":"","format":"standard","meta":{"_monsterinsights_skip_tracking":false,"_monsterinsights_sitenote_active":false,"_monsterinsights_sitenote_note":"","_monsterinsights_sitenote_category":0,"footnotes":""},"categories":[10,11],"tags":[],"_links":{"self":[{"href":"http:\/\/canserrat.org\/ca\/wp-json\/wp\/v2\/posts\/1730"}],"collection":[{"href":"http:\/\/canserrat.org\/ca\/wp-json\/wp\/v2\/posts"}],"about":[{"href":"http:\/\/canserrat.org\/ca\/wp-json\/wp\/v2\/types\/post"}],"author":[{"embeddable":true,"href":"http:\/\/canserrat.org\/ca\/wp-json\/wp\/v2\/users\/3"}],"replies":[{"embeddable":true,"href":"http:\/\/canserrat.org\/ca\/wp-json\/wp\/v2\/comments?post=1730"}],"version-history":[{"count":3,"href":"http:\/\/canserrat.org\/ca\/wp-json\/wp\/v2\/posts\/1730\/revisions"}],"predecessor-version":[{"id":2664,"href":"http:\/\/canserrat.org\/ca\/wp-json\/wp\/v2\/posts\/1730\/revisions\/2664"}],"wp:featuredmedia":[{"embeddable":true,"href":"http:\/\/canserrat.org\/ca\/wp-json\/wp\/v2\/media\/1731"}],"wp:attachment":[{"href":"http:\/\/canserrat.org\/ca\/wp-json\/wp\/v2\/media?parent=1730"}],"wp:term":[{"taxonomy":"category","embeddable":true,"href":"http:\/\/canserrat.org\/ca\/wp-json\/wp\/v2\/categories?post=1730"},{"taxonomy":"post_tag","embeddable":true,"href":"http:\/\/canserrat.org\/ca\/wp-json\/wp\/v2\/tags?post=1730"}],"curies":[{"name":"wp","href":"https:\/\/api.w.org\/{rel}","templated":true}]}}