{"id":1691,"date":"2017-11-17T15:55:04","date_gmt":"2017-11-17T15:55:04","guid":{"rendered":"http:\/\/canserrat.org\/?p=1691"},"modified":"2017-12-07T15:33:23","modified_gmt":"2017-12-07T15:33:23","slug":"oystein-wyller-odden","status":"publish","type":"post","link":"http:\/\/canserrat.org\/ca\/oystein-wyller-odden","title":{"rendered":"\u00d8ystein Wyller Odden"},"content":{"rendered":"<b>\u00d8ystein Wyller Odden<\/b><span style=\"font-weight: 300;\"> (nascut el 1983 a Telemark) \u00e9s educat a l&#8217;Acad\u00e8mia de Belles Arts de Oslo (BA 2009). El seu treball amb la llum, els objectes i instal\u00b7lacions es caracteritza per un intens esteticisme i fascinaci\u00f3 per la tecnologia. Ha exposat anteriorment en llocs com el Centre d&#8217;Art Henie Onstad, el Centre d&#8217;Art Noruec Noruec, Fotogalleriet, l&#8217;Associaci\u00f3 Noruega de Dibuix i l&#8217;Associaci\u00f3 d&#8217;Art Troms\u00f8, aix\u00ed com CIANT Gallery (Praga), Label 201 (Roma) i M\u00f8stings Hus (Copenhaguen).<\/span><\/p>\n<p>&nbsp;<\/p>\n<p><span style=\"font-weight: 300;\">Principalment realitza instal\u00b7lacions i objectes, sovint en relaci\u00f3 amb el so i la llum. Les obres busquen exposar i examinar estructures en un material donat. Aquest material \u00e9s sovint tecnologies dels mitjans i les sales a les quals pertanyen les tecnologies, per\u00f2 tamb\u00e9 l&#8217;aparell perceptiu, com l&#8217;objectiu per a les tecnologies. Actualment, estic treballant amb investigacions de maneres de percepci\u00f3 similars als del tr\u00e0ngol indu\u00efts per simples est\u00edmuls visuals i auditius.<\/span>","protected":false},"excerpt":{"rendered":"<p>\u00d8ystein Wyller Odden (nascut el 1983 a Telemark) \u00e9s educat a l&#8217;Acad\u00e8mia de Belles Arts de Oslo (BA 2009). El seu treball amb la llum, els objectes i instal\u00b7lacions es caracteritza per un intens esteticisme i fascinaci\u00f3 per la tecnologia. &hellip; <a href=\"http:\/\/canserrat.org\/ca\/oystein-wyller-odden\">Continued<\/a><\/p>\n","protected":false},"author":3,"featured_media":1694,"comment_status":"closed","ping_status":"closed","sticky":false,"template":"","format":"standard","meta":{"_monsterinsights_skip_tracking":false,"_monsterinsights_sitenote_active":false,"_monsterinsights_sitenote_note":"","_monsterinsights_sitenote_category":0,"footnotes":""},"categories":[10,11],"tags":[],"_links":{"self":[{"href":"http:\/\/canserrat.org\/ca\/wp-json\/wp\/v2\/posts\/1691"}],"collection":[{"href":"http:\/\/canserrat.org\/ca\/wp-json\/wp\/v2\/posts"}],"about":[{"href":"http:\/\/canserrat.org\/ca\/wp-json\/wp\/v2\/types\/post"}],"author":[{"embeddable":true,"href":"http:\/\/canserrat.org\/ca\/wp-json\/wp\/v2\/users\/3"}],"replies":[{"embeddable":true,"href":"http:\/\/canserrat.org\/ca\/wp-json\/wp\/v2\/comments?post=1691"}],"version-history":[{"count":2,"href":"http:\/\/canserrat.org\/ca\/wp-json\/wp\/v2\/posts\/1691\/revisions"}],"predecessor-version":[{"id":1695,"href":"http:\/\/canserrat.org\/ca\/wp-json\/wp\/v2\/posts\/1691\/revisions\/1695"}],"wp:featuredmedia":[{"embeddable":true,"href":"http:\/\/canserrat.org\/ca\/wp-json\/wp\/v2\/media\/1694"}],"wp:attachment":[{"href":"http:\/\/canserrat.org\/ca\/wp-json\/wp\/v2\/media?parent=1691"}],"wp:term":[{"taxonomy":"category","embeddable":true,"href":"http:\/\/canserrat.org\/ca\/wp-json\/wp\/v2\/categories?post=1691"},{"taxonomy":"post_tag","embeddable":true,"href":"http:\/\/canserrat.org\/ca\/wp-json\/wp\/v2\/tags?post=1691"}],"curies":[{"name":"wp","href":"https:\/\/api.w.org\/{rel}","templated":true}]}}