{"id":1547,"date":"2017-09-12T09:48:56","date_gmt":"2017-09-12T09:48:56","guid":{"rendered":"http:\/\/canserrat.org\/?p=1547"},"modified":"2019-11-05T11:12:43","modified_gmt":"2019-11-05T11:12:43","slug":"mercedes-aqui","status":"publish","type":"post","link":"http:\/\/canserrat.org\/ca\/mercedes-aqui","title":{"rendered":"Mercedes Aqu\u00ed"},"content":{"rendered":"&nbsp;<\/p>\n<p><span style=\"font-weight: 400;\">\u00c9s artista visual, fot\u00f2grafa i gestora cultural. Va n\u00e9ixer a l&#8217;Argentina on va viure fins als vuit anys. A causa de la dictadura militar, la seva fam\u00edlia va haver d&#8217;exiliar a M\u00e8xic. Va estudiar la Llicenciatura en Ci\u00e8ncies de la Comunicaci\u00f3 a la UAEMEX, a Toluca, estat de M\u00e8xic. Va comen\u00e7ar dins del periodisme treballant com a reportera. Posteriorment incursion\u00f3 en l&#8217;\u00e0rea de fotografia de premsa. Va decidir deixar la carrera period\u00edstica, per dedicar-se a les arts visuals i la gesti\u00f3 cultural. Instal\u00b7laci\u00f3, actes perform\u00e0tics, art-objecte, art relacional i creaci\u00f3 en l&#8217;estudi obert, han estat una constant en el seu treball dels \u00faltims tres anys.<\/span><\/p>\n<p><span style=\"font-weight: 400;\">Va coordinar de manera independent projectes fotogr\u00e0fics i period\u00edstics: &#8220;El Chuzo&#8221;, la revista d&#8217;art i lletres &#8220;Desert Endins&#8221;. El suplement cultural &#8220;Origen&#8221; i les &#8220;Cartes des del desert&#8221;, cr\u00f2niques que parlen de la vida quotidiana a les zones \u00e0rides. Ha estat promotora de diferents projectes a l&#8217;altipl\u00e0 potosino i Directora del Festival Cultural d&#8217;Hivern &#8220;Foc i Estrelles&#8221;, des de la seva primera edici\u00f3 a Real de Catorze. Va dirigir el Taller de Fotografia Creativa que es va dur a terme a la UASLP Campus Matehuala. Va tutelar en coordinaci\u00f3 amb Secretaria de Turisme de SLP i el Comit\u00e8 de Pobles M\u00e0gics, el Festival Cultural &#8220;Viu realment&#8221; la M\u00e0gia. Va organitzar el programa Biblioteques del Desert de Wirikuta. Va coordinar el Projecte Tr\u00f2pic de C\u00e0ncer, 1 Mural Col\u00b7lectiu en el desert, que es va dur a terme en Catorze, amb la participaci\u00f3 de la Universitat Aut\u00f2noma de San Luis Potos\u00ed. Actualment col\u00b7labora amb el col\u00b7lectiu Actiu 14, organitzaci\u00f3 d&#8217;artistes que treballen al desert. Rau alternadament entre Coahuila i Real de Catorze, M\u00e8xic.<\/span><\/p>\n<p><span style=\"font-weight: 400;\">Declaraci\u00f3<\/span><\/p>\n<p><span style=\"font-weight: 400;\">El meu llenguatge dins el proc\u00e9s creatiu ha tingut una evoluci\u00f3 des de la fotografia cap a altres arts visuals. Aquesta evoluci\u00f3 continua, \u00e9s el motor dels impulsos primaris que em guien i m&#8217;han portat de l&#8217;experi\u00e8ncia personal cap a l&#8217;experi\u00e8ncia en societat. Experiment amb diferents disciplines, investigo possibilitats d&#8217;interpretaci\u00f3 de la realitat i la seva relaci\u00f3 amb el camp o la matriu informacional. Vivim connectats a trav\u00e9s de la tecnologia, per\u00f2 en molts casos desconnectats de nosaltres mateixos. Busco portar l&#8217;espectador a la reflexi\u00f3 sobre el que \u00e9s la realitat, la interpretaci\u00f3, l&#8217;estructura, el control, les emocions, la il\u00b7lusi\u00f3, la separaci\u00f3, la construcci\u00f3 i deconstrucci\u00f3, per aturar-se en l&#8217;observaci\u00f3 conscient. M&#8217;importa abordar, art\u00edsticament, l&#8217;espai de la col\u00b7lectivitat i les relacions interpersonals i aix\u00ed, ser part del proc\u00e9s de teixir una resson\u00e0ncia que ens completi.<\/span>","protected":false},"excerpt":{"rendered":"<p>&nbsp; \u00c9s artista visual, fot\u00f2grafa i gestora cultural. Va n\u00e9ixer a l&#8217;Argentina on va viure fins als vuit anys. A causa de la dictadura militar, la seva fam\u00edlia va haver d&#8217;exiliar a M\u00e8xic. Va estudiar la Llicenciatura en Ci\u00e8ncies de &hellip; <a href=\"http:\/\/canserrat.org\/ca\/mercedes-aqui\">Continued<\/a><\/p>\n","protected":false},"author":3,"featured_media":1548,"comment_status":"closed","ping_status":"closed","sticky":false,"template":"","format":"standard","meta":{"_monsterinsights_skip_tracking":false,"_monsterinsights_sitenote_active":false,"_monsterinsights_sitenote_note":"","_monsterinsights_sitenote_category":0,"footnotes":""},"categories":[10,11],"tags":[],"_links":{"self":[{"href":"http:\/\/canserrat.org\/ca\/wp-json\/wp\/v2\/posts\/1547"}],"collection":[{"href":"http:\/\/canserrat.org\/ca\/wp-json\/wp\/v2\/posts"}],"about":[{"href":"http:\/\/canserrat.org\/ca\/wp-json\/wp\/v2\/types\/post"}],"author":[{"embeddable":true,"href":"http:\/\/canserrat.org\/ca\/wp-json\/wp\/v2\/users\/3"}],"replies":[{"embeddable":true,"href":"http:\/\/canserrat.org\/ca\/wp-json\/wp\/v2\/comments?post=1547"}],"version-history":[{"count":3,"href":"http:\/\/canserrat.org\/ca\/wp-json\/wp\/v2\/posts\/1547\/revisions"}],"predecessor-version":[{"id":4241,"href":"http:\/\/canserrat.org\/ca\/wp-json\/wp\/v2\/posts\/1547\/revisions\/4241"}],"wp:featuredmedia":[{"embeddable":true,"href":"http:\/\/canserrat.org\/ca\/wp-json\/wp\/v2\/media\/1548"}],"wp:attachment":[{"href":"http:\/\/canserrat.org\/ca\/wp-json\/wp\/v2\/media?parent=1547"}],"wp:term":[{"taxonomy":"category","embeddable":true,"href":"http:\/\/canserrat.org\/ca\/wp-json\/wp\/v2\/categories?post=1547"},{"taxonomy":"post_tag","embeddable":true,"href":"http:\/\/canserrat.org\/ca\/wp-json\/wp\/v2\/tags?post=1547"}],"curies":[{"name":"wp","href":"https:\/\/api.w.org\/{rel}","templated":true}]}}