{"id":1445,"date":"2017-08-15T16:46:40","date_gmt":"2017-08-15T16:46:40","guid":{"rendered":"http:\/\/canserrat.org\/?p=1445"},"modified":"2019-11-05T11:13:41","modified_gmt":"2019-11-05T11:13:41","slug":"abhijit-kumar-pathak","status":"publish","type":"post","link":"http:\/\/canserrat.org\/ca\/abhijit-kumar-pathak","title":{"rendered":"Abhijit Kumar Pathak"},"content":{"rendered":"&nbsp;<\/p>\n<p><span style=\"font-weight: 400;\">Abhijit Kumar Pathak \u00e9s un artista visual, entrenat de la Universitat Hind\u00fa de Banaras, Varanasi i Jamia Millia Islamia Nova Delhi, \u00cdndia 2010. El seu llenguatge visual evocador com un pintor abstracte \u00e9s reconegut per les organitzacions d&#8217;art, cr\u00edtics d&#8217;art i galeries. Pathak \u00e9s un abstraccionista amb passi\u00f3 i profunda convicci\u00f3. Les seves obres s\u00f3n camps de color d&#8217;infinitud en qu\u00e8 no veiem un sentit definit de proc\u00e9s. Per\u00f2 hi ha un profund enteniment de les regles m\u00edstiques del principi, el mitj\u00e0 i el final, hi ha veritats m\u00e9s profundes de la variaci\u00f3 del principi de fragmentaci\u00f3 i fragilitat en un m\u00f3n que comen\u00e7a amb la gravetat de la terra.<\/span><\/p>\n<p><span style=\"font-weight: 400;\">Abhijit ha participat en nombrosos grups i mostres individuals a l&#8217;\u00cdndia ia l&#8217;estranger.<\/span><\/p>\n<p><span style=\"font-weight: 400;\">Actualment resideix i treballa a Nova Delhi.<\/span><\/p>\n<p><span style=\"font-weight: 400;\">Al programa de resid\u00e8ncia Can Serrat m&#8217;agradaria centrar-me en el desenvolupament d&#8217;una s\u00e8rie de dibuixos interactius i participatius que integrin la visi\u00f3 i el tacte, i explorin les connexions entre la pr\u00e0ctica material del dibuix i els sistemes ecol\u00f2gics locals.<\/span><\/p>\n<p><a href=\"http:\/\/abhijitpathak.com\/\" target=\"_blank\" rel=\"noopener noreferrer\">Website Abhijit Kumar Pathak<\/a>","protected":false},"excerpt":{"rendered":"<p>&nbsp; Abhijit Kumar Pathak \u00e9s un artista visual, entrenat de la Universitat Hind\u00fa de Banaras, Varanasi i Jamia Millia Islamia Nova Delhi, \u00cdndia 2010. El seu llenguatge visual evocador com un pintor abstracte \u00e9s reconegut per les organitzacions d&#8217;art, cr\u00edtics &hellip; <a href=\"http:\/\/canserrat.org\/ca\/abhijit-kumar-pathak\">Continued<\/a><\/p>\n","protected":false},"author":3,"featured_media":1446,"comment_status":"closed","ping_status":"closed","sticky":false,"template":"","format":"standard","meta":{"_monsterinsights_skip_tracking":false,"_monsterinsights_sitenote_active":false,"_monsterinsights_sitenote_note":"","_monsterinsights_sitenote_category":0,"footnotes":""},"categories":[10,11],"tags":[],"_links":{"self":[{"href":"http:\/\/canserrat.org\/ca\/wp-json\/wp\/v2\/posts\/1445"}],"collection":[{"href":"http:\/\/canserrat.org\/ca\/wp-json\/wp\/v2\/posts"}],"about":[{"href":"http:\/\/canserrat.org\/ca\/wp-json\/wp\/v2\/types\/post"}],"author":[{"embeddable":true,"href":"http:\/\/canserrat.org\/ca\/wp-json\/wp\/v2\/users\/3"}],"replies":[{"embeddable":true,"href":"http:\/\/canserrat.org\/ca\/wp-json\/wp\/v2\/comments?post=1445"}],"version-history":[{"count":3,"href":"http:\/\/canserrat.org\/ca\/wp-json\/wp\/v2\/posts\/1445\/revisions"}],"predecessor-version":[{"id":4242,"href":"http:\/\/canserrat.org\/ca\/wp-json\/wp\/v2\/posts\/1445\/revisions\/4242"}],"wp:featuredmedia":[{"embeddable":true,"href":"http:\/\/canserrat.org\/ca\/wp-json\/wp\/v2\/media\/1446"}],"wp:attachment":[{"href":"http:\/\/canserrat.org\/ca\/wp-json\/wp\/v2\/media?parent=1445"}],"wp:term":[{"taxonomy":"category","embeddable":true,"href":"http:\/\/canserrat.org\/ca\/wp-json\/wp\/v2\/categories?post=1445"},{"taxonomy":"post_tag","embeddable":true,"href":"http:\/\/canserrat.org\/ca\/wp-json\/wp\/v2\/tags?post=1445"}],"curies":[{"name":"wp","href":"https:\/\/api.w.org\/{rel}","templated":true}]}}