{"id":1430,"date":"2017-08-07T13:59:34","date_gmt":"2017-08-07T13:59:34","guid":{"rendered":"http:\/\/canserrat.org\/?p=1430"},"modified":"2019-10-29T14:19:42","modified_gmt":"2019-10-29T14:19:42","slug":"claire-ducene","status":"publish","type":"post","link":"http:\/\/canserrat.org\/ca\/claire-ducene","title":{"rendered":"Claire Duc\u00e8ne"},"content":{"rendered":"<span style=\"font-weight: 400;\"><img decoding=\"async\" loading=\"lazy\" class=\"size-medium wp-image-1432 aligncenter\" src=\"http:\/\/canserrat.org\/wp-content\/uploads\/2017\/08\/LAND-2-300x169.jpg\" alt=\"\" width=\"300\" height=\"169\" srcset=\"http:\/\/canserrat.org\/wp-content\/uploads\/2017\/08\/LAND-2-300x169.jpg 300w, http:\/\/canserrat.org\/wp-content\/uploads\/2017\/08\/LAND-2-1024x576.jpg 1024w, http:\/\/canserrat.org\/wp-content\/uploads\/2017\/08\/LAND-2-711x400.jpg 711w, http:\/\/canserrat.org\/wp-content\/uploads\/2017\/08\/LAND-2.jpg 1366w\" sizes=\"(max-width: 300px) 100vw, 300px\" \/><\/span><\/p>\n<p>&nbsp;<\/p>\n<p><span style=\"font-weight: 400;\">Va n\u00e9ixer a B\u00e8lgica el 1986. Va estudiar Pintura a la Reial Acad\u00e8mia de Belles Arts de Brussel\u00b7les i fotografia a l&#8217;Acad\u00e8mia d&#8217;Arts Visuals de Molenbeek-Saint-Jean. A m\u00e9s, va obtenir un M\u00e0ster en Llengua Francesa, Roman\u00e7 i Literatura Rom\u00e0ntica a la Universitat de Brussel\u00b7les. La seva passi\u00f3 per les ficcions apareix clarament en el seu treball que tracta de rastres i records.<\/span><\/p>\n<p><span style=\"font-weight: 400;\">Des de 2012, Clara Duc\u00e8ne ha participat en diverses exposicions individuals i col\u00b7lectives a B\u00e8lgica, Espanya, It\u00e0lia i Fran\u00e7a.<\/span><\/p>\n<p>&nbsp;<\/p>\n<p><strong>Sobre la seva feina<\/strong><\/p>\n<p><span style=\"font-weight: 400;\">El treball de Clara Duc\u00e8ne \u00e9s una conceptualitzaci\u00f3 art\u00edstica sobre records i discos. Tot el treball \u00e9s un viatge visual i f\u00edsic a trav\u00e9s d&#8217;imatges persistents que eventualment es transformen en altres mitjans.<\/span><\/p>\n<p><span style=\"font-weight: 400;\">L&#8217;obsessi\u00f3 principal en la mem\u00f2ria. La manera de parlar \u00e9s del palimpsest. Superposici\u00f3 i una nebulosa d&#8217;imatges. Els resultats s\u00f3n hist\u00f2ries reals o fict\u00edcies, un problema entre realitats i ficcions diferents.<\/span><\/p>\n<p><span style=\"font-weight: 400;\">La mem\u00f2ria \u00e9s com un enorme laberint on et perds en el nostre passat. Utilitza els espais com un lloc original de la mem\u00f2ria com la casa de la inf\u00e0ncia, la finestra, una vella pintura \/ fotografia o els calaixos en una c\u00f2moda. Aquests espais es multipliquen com la mem\u00f2ria anal\u00f2gica i els processos de mem\u00f2ria.<\/span><\/p>\n<p><span style=\"font-weight: 400;\">Els espais s\u00f3n m\u00faltiples i obsessius.<\/span><\/p>\n<p><span style=\"font-weight: 400;\">Per activar la mem\u00f2ria i fluir el passat, Clara Duc\u00e8ne retrospecta decoracions, llocs ficticis del seu propi patrimoni de records. Dins de la instal\u00b7laci\u00f3, el p\u00fablic descobreix molts mitjans amb diferents ritmes de lent a r\u00e0pid i on les imatges pintades, dibuixades i electr\u00f2niques poden comunicar-se entre si. Les imatges s\u00f3n borroses, nebuloses, i de vegades gaireb\u00e9 il\u00b7legibles.<\/span><\/p>\n<p><span style=\"font-weight: 400;\">El temps passa i les imatges, persones i llocs desapareixen progressivament.<\/span><\/p>\n<p><span style=\"font-weight: 400;\">Es tracta de l&#8217;oblit, els somnis, inconsci\u00e8ncia i el temps de detenci\u00f3.<\/span><\/p>\n<p><a href=\"http:\/\/www.claireducene.be\" target=\"_blank\" rel=\"noopener noreferrer\">www.claireducene.be<\/a><\/p>\n<p>&nbsp;<\/p>\n<h4>Projecte a Can Serrat __<\/h4>\n<iframe src=\"\/\/docs.google.com\/viewer?url=http%3A%2F%2Fcanserrat.org%2Fwp-content%2Fuploads%2F2017%2F08%2Fcheckpoint_Claire-Duc%C3%A8ne_2018.pdf&hl=es&embedded=true\" class=\"gde-frame\" style=\"width:100%; height:500px; border: none;\" scrolling=\"no\"><\/iframe>\n<p class=\"gde-text\"><a href=\"http:\/\/canserrat.org\/wp-content\/uploads\/2017\/08\/checkpoint_Claire-Duc\u00e8ne_2018.pdf\" class=\"gde-link\">Descargar (PDF, 788KB)<\/a><\/p>","protected":false},"excerpt":{"rendered":"<p>&nbsp; Va n\u00e9ixer a B\u00e8lgica el 1986. Va estudiar Pintura a la Reial Acad\u00e8mia de Belles Arts de Brussel\u00b7les i fotografia a l&#8217;Acad\u00e8mia d&#8217;Arts Visuals de Molenbeek-Saint-Jean. A m\u00e9s, va obtenir un M\u00e0ster en Llengua Francesa, Roman\u00e7 i Literatura Rom\u00e0ntica &hellip; <a href=\"http:\/\/canserrat.org\/ca\/claire-ducene\">Continued<\/a><\/p>\n","protected":false},"author":3,"featured_media":1432,"comment_status":"closed","ping_status":"closed","sticky":false,"template":"","format":"standard","meta":{"_monsterinsights_skip_tracking":false,"_monsterinsights_sitenote_active":false,"_monsterinsights_sitenote_note":"","_monsterinsights_sitenote_category":0,"footnotes":""},"categories":[10,11],"tags":[],"_links":{"self":[{"href":"http:\/\/canserrat.org\/ca\/wp-json\/wp\/v2\/posts\/1430"}],"collection":[{"href":"http:\/\/canserrat.org\/ca\/wp-json\/wp\/v2\/posts"}],"about":[{"href":"http:\/\/canserrat.org\/ca\/wp-json\/wp\/v2\/types\/post"}],"author":[{"embeddable":true,"href":"http:\/\/canserrat.org\/ca\/wp-json\/wp\/v2\/users\/3"}],"replies":[{"embeddable":true,"href":"http:\/\/canserrat.org\/ca\/wp-json\/wp\/v2\/comments?post=1430"}],"version-history":[{"count":3,"href":"http:\/\/canserrat.org\/ca\/wp-json\/wp\/v2\/posts\/1430\/revisions"}],"predecessor-version":[{"id":4210,"href":"http:\/\/canserrat.org\/ca\/wp-json\/wp\/v2\/posts\/1430\/revisions\/4210"}],"wp:featuredmedia":[{"embeddable":true,"href":"http:\/\/canserrat.org\/ca\/wp-json\/wp\/v2\/media\/1432"}],"wp:attachment":[{"href":"http:\/\/canserrat.org\/ca\/wp-json\/wp\/v2\/media?parent=1430"}],"wp:term":[{"taxonomy":"category","embeddable":true,"href":"http:\/\/canserrat.org\/ca\/wp-json\/wp\/v2\/categories?post=1430"},{"taxonomy":"post_tag","embeddable":true,"href":"http:\/\/canserrat.org\/ca\/wp-json\/wp\/v2\/tags?post=1430"}],"curies":[{"name":"wp","href":"https:\/\/api.w.org\/{rel}","templated":true}]}}