{"id":1386,"date":"2017-07-20T10:52:03","date_gmt":"2017-07-20T10:52:03","guid":{"rendered":"http:\/\/canserrat.org\/?p=1386"},"modified":"2019-10-29T13:19:53","modified_gmt":"2019-10-29T13:19:53","slug":"moira-mccavana","status":"publish","type":"post","link":"http:\/\/canserrat.org\/ca\/moira-mccavana","title":{"rendered":"Moira McCavana"},"content":{"rendered":"<img decoding=\"async\" loading=\"lazy\" class=\"size-medium wp-image-1387 aligncenter\" src=\"http:\/\/canserrat.org\/wp-content\/uploads\/2017\/07\/Bio-photo-300x223.jpg\" alt=\"\" width=\"300\" height=\"223\" srcset=\"http:\/\/canserrat.org\/wp-content\/uploads\/2017\/07\/Bio-photo-300x223.jpg 300w, http:\/\/canserrat.org\/wp-content\/uploads\/2017\/07\/Bio-photo-539x400.jpg 539w, http:\/\/canserrat.org\/wp-content\/uploads\/2017\/07\/Bio-photo.jpg 960w\" sizes=\"(max-width: 300px) 100vw, 300px\" \/><\/p>\n<p>&nbsp;<\/p>\n<p>Moira McCavana \u00e9s una escriptora de Boston, Massachusetts actualment treballa en una col\u00b7lecci\u00f3 de contes ubicats al Pa\u00eds Basc. Les hist\u00f2ries recents d&#8217;immigraci\u00f3 dels dos costats de la seva fam\u00edlia -seu pare de Belfast, a Irlanda del Nord, i el seu avi de Bilbao- s\u00f3n influ\u00e8ncies enormes per als seus contes, dels quals tots estan interessats en la pertinen\u00e7a a un lloc o exili d&#8217;aix\u00f2.<\/p>\n<p>A Can Serrat, est\u00e0 fent una pausa a la seva investigaci\u00f3 relacionat amb el Pa\u00eds Basc per aprendre m\u00e9s de la hist\u00f2ria de la Guerra Civil Espanyola a Catalunya. Espera que la hist\u00f2ria oral i els an\u00e8cdotes adquirits en les dues regions l&#8217;ajudar\u00e0 a estendre la col\u00b7lecci\u00f3 de contes, que va comen\u00e7ar com el seu fi de carrera a Harvard University, titulat 86 Ways of Becoming Jos\u00e9 Manuel Elosegi.","protected":false},"excerpt":{"rendered":"<p>&nbsp; Moira McCavana \u00e9s una escriptora de Boston, Massachusetts actualment treballa en una col\u00b7lecci\u00f3 de contes ubicats al Pa\u00eds Basc. Les hist\u00f2ries recents d&#8217;immigraci\u00f3 dels dos costats de la seva fam\u00edlia -seu pare de Belfast, a Irlanda del Nord, i &hellip; <a href=\"http:\/\/canserrat.org\/ca\/moira-mccavana\">Continued<\/a><\/p>\n","protected":false},"author":3,"featured_media":1387,"comment_status":"closed","ping_status":"closed","sticky":false,"template":"","format":"standard","meta":{"_monsterinsights_skip_tracking":false,"_monsterinsights_sitenote_active":false,"_monsterinsights_sitenote_note":"","_monsterinsights_sitenote_category":0,"footnotes":""},"categories":[10,11],"tags":[],"_links":{"self":[{"href":"http:\/\/canserrat.org\/ca\/wp-json\/wp\/v2\/posts\/1386"}],"collection":[{"href":"http:\/\/canserrat.org\/ca\/wp-json\/wp\/v2\/posts"}],"about":[{"href":"http:\/\/canserrat.org\/ca\/wp-json\/wp\/v2\/types\/post"}],"author":[{"embeddable":true,"href":"http:\/\/canserrat.org\/ca\/wp-json\/wp\/v2\/users\/3"}],"replies":[{"embeddable":true,"href":"http:\/\/canserrat.org\/ca\/wp-json\/wp\/v2\/comments?post=1386"}],"version-history":[{"count":2,"href":"http:\/\/canserrat.org\/ca\/wp-json\/wp\/v2\/posts\/1386\/revisions"}],"predecessor-version":[{"id":4200,"href":"http:\/\/canserrat.org\/ca\/wp-json\/wp\/v2\/posts\/1386\/revisions\/4200"}],"wp:featuredmedia":[{"embeddable":true,"href":"http:\/\/canserrat.org\/ca\/wp-json\/wp\/v2\/media\/1387"}],"wp:attachment":[{"href":"http:\/\/canserrat.org\/ca\/wp-json\/wp\/v2\/media?parent=1386"}],"wp:term":[{"taxonomy":"category","embeddable":true,"href":"http:\/\/canserrat.org\/ca\/wp-json\/wp\/v2\/categories?post=1386"},{"taxonomy":"post_tag","embeddable":true,"href":"http:\/\/canserrat.org\/ca\/wp-json\/wp\/v2\/tags?post=1386"}],"curies":[{"name":"wp","href":"https:\/\/api.w.org\/{rel}","templated":true}]}}