{"id":1149,"date":"2017-04-21T12:23:29","date_gmt":"2017-04-21T12:23:29","guid":{"rendered":"http:\/\/canserrat.org\/?p=1149"},"modified":"2019-10-28T15:56:53","modified_gmt":"2019-10-28T15:56:53","slug":"maria-ossandon-recart","status":"publish","type":"post","link":"http:\/\/canserrat.org\/ca\/maria-ossandon-recart","title":{"rendered":"Mar\u00eda Ossand\u00f3n Recart"},"content":{"rendered":"<span style=\"font-weight: 400;\"><img decoding=\"async\" loading=\"lazy\" class=\"size-medium wp-image-1150 aligncenter\" src=\"http:\/\/canserrat.org\/wp-content\/uploads\/2017\/04\/Maria-Recart-foto-204x300.jpg\" alt=\"\" width=\"204\" height=\"300\" srcset=\"http:\/\/canserrat.org\/wp-content\/uploads\/2017\/04\/Maria-Recart-foto-204x300.jpg 204w, http:\/\/canserrat.org\/wp-content\/uploads\/2017\/04\/Maria-Recart-foto-698x1024.jpg 698w, http:\/\/canserrat.org\/wp-content\/uploads\/2017\/04\/Maria-Recart-foto.jpg 1906w\" sizes=\"(max-width: 204px) 100vw, 204px\" \/><\/span><\/p>\n<p>&nbsp;<\/p>\n<p>Maria Ossand\u00f3n (1986) Artista visual Xilena. Va estudiar Belles Arts a la Universitat <em>ARCIS<\/em> a Santiago de Xile. Actualment viu i treballa a Berl\u00edn. Treballa amb la miniatura, construeix paisatges o escenes a escala petita dins de diferents suports o contenidors, en els quals introdueix petits personatges que li donen el relat o la situaci\u00f3 a aquests paisatges. Se serveix per a aix\u00f2 de materials naturals i artificials. El seu treball parteix primer de la collita, de la recerca del material, i s\u00f3n aquests materials els que van insinuant diferents paisatges, on s&#8217;insereix figures de pl\u00e0stic que li donaran l&#8217;escala i el text al paisatge contingut. Els petits paisatges tridimensionals que construeix s\u00f3n una relectura o una reinterpretaci\u00f3 de la nostra relaci\u00f3 amb la natura i el paisatge.<\/p>\n<p>El seu treball ha estat exposat a: Museu de Belles Arts, Santiago de Xile. XIX versi\u00f3 del concurs &#8220;Art en viu&#8221;, Primer premi menci\u00f3 Instal\u00b7laci\u00f3 (2008). Museu d&#8217;Art Contemporani Cinquena Normal, Santiago exposici\u00f3 col\u00b7lectiva &#8220;Previuw&#8221; (2009). Galeria ANIMAL Sala Zero, Santiago exposici\u00f3 col\u00b7lectiva &#8220;Escena alterada&#8221; (2009). Centre Cultural Mapocho exposici\u00f3 col\u00b7lectiva &#8220;Lluny de casa&#8221; (2012). Map of the New Art &#8211; Imago Mundi, col\u00b7lecci\u00f3 Ull Andino, Exposici\u00f3 Col\u00b7lectiva en Fondazione Giorgio Cini, en el marc de la Biennal de Ven\u00e8cia (2015), Ven\u00e8cia, It\u00e0lia. The Art of Humanity &#8220;Imago Mundi &#8211; Luciano Benetton Collection, Col\u00b7lecci\u00f3 ULL AND\u00cd Xile, Pratt Institute, Brookling, New York, Estats Units (2016). El juny del 2017 s&#8217;exposar\u00e0 Galeria som a Berl\u00edn, Alemanya i participar\u00e0 a la Fira d&#8217;Art NordArt a Budelsdorf, Alemanya.","protected":false},"excerpt":{"rendered":"<p>&nbsp; Maria Ossand\u00f3n (1986) Artista visual Xilena. Va estudiar Belles Arts a la Universitat ARCIS a Santiago de Xile. Actualment viu i treballa a Berl\u00edn. Treballa amb la miniatura, construeix paisatges o escenes a escala petita dins de diferents suports &hellip; <a href=\"http:\/\/canserrat.org\/ca\/maria-ossandon-recart\">Continued<\/a><\/p>\n","protected":false},"author":3,"featured_media":1150,"comment_status":"closed","ping_status":"closed","sticky":false,"template":"","format":"standard","meta":{"_monsterinsights_skip_tracking":false,"_monsterinsights_sitenote_active":false,"_monsterinsights_sitenote_note":"","_monsterinsights_sitenote_category":0,"footnotes":""},"categories":[10,11],"tags":[],"_links":{"self":[{"href":"http:\/\/canserrat.org\/ca\/wp-json\/wp\/v2\/posts\/1149"}],"collection":[{"href":"http:\/\/canserrat.org\/ca\/wp-json\/wp\/v2\/posts"}],"about":[{"href":"http:\/\/canserrat.org\/ca\/wp-json\/wp\/v2\/types\/post"}],"author":[{"embeddable":true,"href":"http:\/\/canserrat.org\/ca\/wp-json\/wp\/v2\/users\/3"}],"replies":[{"embeddable":true,"href":"http:\/\/canserrat.org\/ca\/wp-json\/wp\/v2\/comments?post=1149"}],"version-history":[{"count":2,"href":"http:\/\/canserrat.org\/ca\/wp-json\/wp\/v2\/posts\/1149\/revisions"}],"predecessor-version":[{"id":4170,"href":"http:\/\/canserrat.org\/ca\/wp-json\/wp\/v2\/posts\/1149\/revisions\/4170"}],"wp:featuredmedia":[{"embeddable":true,"href":"http:\/\/canserrat.org\/ca\/wp-json\/wp\/v2\/media\/1150"}],"wp:attachment":[{"href":"http:\/\/canserrat.org\/ca\/wp-json\/wp\/v2\/media?parent=1149"}],"wp:term":[{"taxonomy":"category","embeddable":true,"href":"http:\/\/canserrat.org\/ca\/wp-json\/wp\/v2\/categories?post=1149"},{"taxonomy":"post_tag","embeddable":true,"href":"http:\/\/canserrat.org\/ca\/wp-json\/wp\/v2\/tags?post=1149"}],"curies":[{"name":"wp","href":"https:\/\/api.w.org\/{rel}","templated":true}]}}