{"id":10013,"date":"2026-07-17T16:25:34","date_gmt":"2026-07-17T16:25:34","guid":{"rendered":"https:\/\/canserrat.org\/?p=10013"},"modified":"2026-09-01T07:44:23","modified_gmt":"2026-09-01T07:44:23","slug":"en-visual-art-residency-open-call-2027","status":"publish","type":"post","link":"http:\/\/canserrat.org\/ca\/en-visual-art-residency-open-call-2027","title":{"rendered":"ESTIU &#8211; TARDOR 2027 _ARTISTES VISUALS I MULTIDISCIPLINARIS"},"content":{"rendered":"<h3 style=\"text-align: center;\"><strong data-start=\"132\" data-end=\"156\">ESTIU &#8211; TARDOR 2027<\/strong><br data-start=\"156\" data-end=\"159\" \/><strong data-start=\"159\" data-end=\"182\" data-is-only-node=\"\">CONVOCAT\u00d2RIA OBERTA<\/strong><br data-start=\"182\" data-end=\"185\" \/>per a <strong data-start=\"191\" data-end=\"205\">ART VISUAL i MULTIDISCIPLINARI<\/strong>\u00a0a <strong data-start=\"208\" data-end=\"222\">CAN SERRAT<\/strong><\/h3>\n<p>&nbsp;<\/p>\n<p class=\"isSelectedEnd\">Can Serrat obre una nova convocat\u00f2ria de resid\u00e8ncia adre\u00e7ada a artistes visuals i multidisciplinaris de totes les traject\u00f2ries i nacionalitats. Les resid\u00e8ncies tindran lloc durant l\u2019estiu i la tardor de 2027 al Bruc, als peus de Montserrat i a 45 km de Barcelona.<\/p>\n<p>Des de 1989, Can Serrat acull un dels programes internacionals de resid\u00e8ncies per a projectes art\u00edstics i literaris amb m\u00e9s traject\u00f2ria de Catalunya.<\/p>\n<p class=\"\" data-start=\"1352\" data-end=\"1699\">El programa se centra en l&#8217;acompanyament i assessorament del proc\u00e9s creatiu a trav\u00e9s de trobades individuals i col\u00b7lectives, aix\u00ed com en la generaci\u00f3 de connexions dins d&#8217;una extensa xarxa cultural i professional. La casa pot acollir fins a 35 persones de diferents pa\u00efsos i disciplines, fet que permet una gran varietat d&#8217;intercanvis enriquidors.<\/p>\n<p class=\"\" data-start=\"1701\" data-end=\"1855\">Can Serrat rep el suport de la Generalitat de Catalunya i \u00e9s membre de Xarxaprod (xarxa de centres de producci\u00f3 art\u00edstica a Catalunya) i de la TAV-CC.<\/p>\n<p data-start=\"9\" data-end=\"30\">Criteris de selecci\u00f3:<\/p>\n<p data-start=\"32\" data-end=\"292\">La selecci\u00f3 no es basa en una f\u00f3rmula ni en una puntuaci\u00f3 autom\u00e0tica. El judici art\u00edstic implica necess\u00e0riament una dimensi\u00f3 subjectiva i situada. Els criteris funcionen com a eines de lectura, no com una llista de requisits que els projectes hagin de complir.<\/p>\n<p data-start=\"294\" data-end=\"427\">Gust<br data-start=\"298\" data-end=\"301\" \/>El jurat revisa els projectes a trav\u00e9s del seu criteri est\u00e8tic singular, valorant-ne la forma, les decisions i la construcci\u00f3.<\/p>\n<p data-start=\"429\" data-end=\"623\">Despla\u00e7ament<br data-start=\"441\" data-end=\"444\" \/>El jurat presta atenci\u00f3 a la difer\u00e8ncia que un projecte produeix, tant dins del propi treball de l\u2019artista\/escriptor com en relaci\u00f3 amb altres pr\u00e0ctiques art\u00edstiques i liter\u00e0ries.<\/p>\n<p>&nbsp;<\/p>\n<h4 data-start=\"411\" data-end=\"440\"><strong data-start=\"411\" data-end=\"440\">BEQUES i DATES IMPORTANTS<\/strong><\/h4>\n<p class=\"\" data-start=\"442\" data-end=\"488\"><strong data-start=\"442\" data-end=\"466\">Dates de Resid\u00e8ncia:<\/strong> 2 d&#8217;Agost al 12 de Decembre, 2027<\/p>\n<p class=\"\" data-start=\"490\" data-end=\"560\"><strong data-start=\"490\" data-end=\"528\">Per\u00edode per enviar la sol\u00b7licitud:<\/strong> 1 al 23 de Setembre, 2026<\/p>\n<p class=\"\" data-start=\"562\" data-end=\"578\"><strong data-start=\"562\" data-end=\"578\">Invitacions:<\/strong><\/p>\n<ul>\n<li style=\"list-style-type: none;\">\n<ul data-start=\"580\" data-end=\"679\">\n<li class=\"\" data-start=\"580\" data-end=\"622\">\n<p class=\"\" data-start=\"582\" data-end=\"622\">Beca Completa de sis setmanes + honoraris<\/p>\n<\/li>\n<li data-start=\"580\" data-end=\"622\">Beca Completa d&#8217;un mes<\/li>\n<li class=\"\" data-start=\"659\" data-end=\"679\">\n<p class=\"\" data-start=\"661\" data-end=\"679\">20 Beques Parcials<\/p>\n<\/li>\n<\/ul>\n<\/li>\n<\/ul>\n<h4 data-start=\"1398\" data-end=\"1412\"><\/h4>\n<h4 data-start=\"1398\" data-end=\"1412\"><strong data-start=\"1398\" data-end=\"1412\">CONDICIONS<\/strong><\/h4>\n<p class=\"\" data-start=\"1414\" data-end=\"1481\"><strong data-start=\"1414\" data-end=\"1481\">Beneficis per a totes les persones seleccionades en resid\u00e8ncia:<\/strong><\/p>\n<ul>\n<li data-start=\"1225\" data-end=\"1397\">Acc\u00e9s complet a tots els espais compartits: sales d\u2019escriptura, espais d\u2019assaig, sala amb projector i taller col\u00b7lectiu equipat amb eines de cer\u00e0mica i un t\u00f2rcul de gravat.<\/li>\n<li data-start=\"1399\" data-end=\"1585\">Participaci\u00f3 en activitats: reuni\u00f3 d\u2019orientaci\u00f3, presentaci\u00f3 mensual del treball de les i els artistes a la resta de residents i activitats destinades a estimular els processos creatius.<\/li>\n<li data-start=\"1587\" data-end=\"1665\">Abonament mensual il\u00b7limitat al transport p\u00fablic.<\/li>\n<li data-start=\"1667\" data-end=\"1755\">Visibilitat del projecte i del proc\u00e9s a trav\u00e9s dels canals de comunicaci\u00f3 de Can Serrat.<\/li>\n<li data-start=\"1757\" data-end=\"1799\">Publicaci\u00f3 a l\u2019arxiu digital de projectes.<\/li>\n<\/ul>\n<p data-start=\"1801\" data-end=\"1876\">*Can Serrat es reserva el dret de seleccionar i comissariar les activitats.<\/p>\n<p data-start=\"1878\" data-end=\"2004\">Cada per\u00edode de resid\u00e8ncia \u00e9s diferent i, per tant, les activitats i oportunitats disponibles poden variar d\u2019un mes a l\u2019altre.<\/p>\n<p data-start=\"2006\" data-end=\"2272\" data-is-last-node=\"\" data-is-only-node=\"\">Algunes activitats estan obertes a totes les persones residents, mentre que d\u2019altres tenen places limitades. En aquests casos, la participaci\u00f3 ser\u00e0 determinada per l\u2019equip de Can Serrat en funci\u00f3 de l\u2019activitat, les persones convidades i els projectes en resid\u00e8ncia.<\/p>\n<p>&nbsp;<\/p>\n<p><strong>CONDICIONS ESPECIFIQUES DE LES BEQUES:<\/strong><\/p>\n<p style=\"padding-left: 40px;\"><strong>Beca Completa + honoraris:<\/strong><\/p>\n<p style=\"padding-left: 40px;\">\u25cf Allotjament a Can Serrat (habitaci\u00f3 privada durant sis setmanes seguides desde el 2 d&#8217;agost de 2027)<br \/>\n\u25cf Menjar: 2 sopars comunitaris preparats per setmana, aliments b\u00e0sics (caf\u00e8, te, condiments i alguns aliments secs segons disponibilitat)<br \/>\n\u25cf Honoraris de 2000\u20ac, subjectes a l\u2019obtenci\u00f3 d\u2019una subvenci\u00f3 p\u00fablica.<\/p>\n<p>&nbsp;<\/p>\n<p style=\"padding-left: 40px;\"><strong>Beca Completa:<\/strong><\/p>\n<p style=\"padding-left: 40px;\">\u25cf Allotjament a Can Serrat (habitaci\u00f3 pcompartida durant un mes al octubre de 2027)<br \/>\n\u25cf Menjar: 2 sopars comunitaris preparats per setmana, aliments b\u00e0sics (caf\u00e8, te, condiments i alguns aliments secs segons disponibilitat)<\/p>\n<p>&nbsp;<\/p>\n<p style=\"padding-left: 40px;\"><strong>Beca Parcial:<\/strong><\/p>\n<p style=\"padding-left: 40px;\">Durada m\u00ednima de la resid\u00e8ncia: un mes<br \/>\n\u25cf Opci\u00f3 1 Habitaci\u00f3 compartida: 1130 \u20ac\/mes (compartida amb un m\u00e0xim de 3 persones)<br \/>\n\u25cf Opci\u00f3 2 Habitaci\u00f3 privada: 1745 \u20ac\/mes<br \/>\n\u25cf Opci\u00f3 3 Nom\u00e9s estudi (no inclou allotjament ni menjar): 305 \u20ac\/mes<br \/>\n*Les opcions 1 i 2 inclouen 2 sopars comunitaris preparats, aliments b\u00e0sics (caf\u00e8, te, condiments i alguns aliments secs segons disponibilitat).<\/p>\n<p>&nbsp;<\/p>\n<h4><b>JURAT:<\/b><\/h4>\n<ul>\n<li data-start=\"88\" data-end=\"126\"><span style=\"color: #0000ff;\"><a style=\"color: #0000ff;\" href=\"https:\/\/www.hellekaarem.com\/about\" target=\"_blank\" rel=\"noopener\"><strong data-start=\"88\" data-end=\"126\">Helle Kaarem<\/strong><\/a>,<\/span>\u00c9s una pintora noruega que viu i treballa a Oslo. A trav\u00e9s de la pintura, explora la relaci\u00f3 entre percepci\u00f3, emoci\u00f3 i experi\u00e8ncia, treballant amb els elements fonamentals del llenguatge pict\u00f2ric: color, forma, mat\u00e8ria i il\u00b7lusi\u00f3.<span style=\"color: #0000ff;\"><br \/>\n<\/span><\/li>\n<\/ul>\n<ul>\n<li data-start=\"975\" data-end=\"992\"><span style=\"color: #0000ff;\"><a style=\"color: #0000ff;\" href=\"https:\/\/elydaou.com\/About-ElyDaou\" target=\"_blank\" rel=\"noopener\"><strong data-start=\"975\" data-end=\"992\">Ely Daou<\/strong><\/a>,<\/span> \u00c9s un artista multidisciplinari la pr\u00e0ctica del qual explora la condici\u00f3 humana i l\u2019experi\u00e8ncia de la persist\u00e8ncia. A trav\u00e9s de processos de llarga durada, accions repetitives i sistemes autoimposats, el seu treball aborda la contradicci\u00f3, l\u2019absurd i la incertesa, resistint els significats tancats i deixant espai a l\u2019ambig\u00fcitat.<\/li>\n<\/ul>\n<ul>\n<li>Sophie Blais, directora de Can Serrat<\/li>\n<li>Sarah Goodchild Robb, responsable del acompa\u00f1amiento en residencia Can Serrat<\/li>\n<\/ul>\n<p>&nbsp;<\/p>\n<h4 data-start=\"1778\" data-end=\"1794\"><strong data-start=\"1778\" data-end=\"1794\">COM APLICAR?<\/strong><\/h4>\n<p class=\"\" data-start=\"1796\" data-end=\"1840\"><strong data-start=\"1796\" data-end=\"1840\">Consells per enviar la teva sol\u00b7licitud:<\/strong><\/p>\n<ul data-start=\"1842\" data-end=\"2379\">\n<li class=\"\" data-start=\"1842\" data-end=\"1909\">\n<p class=\"\" data-start=\"1844\" data-end=\"1909\">Utilitza frases simples i clares per explicar la teva proposta.<\/p>\n<\/li>\n<li class=\"\" data-start=\"1910\" data-end=\"1978\">\n<p class=\"\" data-start=\"1912\" data-end=\"1978\">Tingues cura amb els discursos automatitzats i l&#8217;\u00fas dels -ismes.<\/p>\n<\/li>\n<li class=\"\" data-start=\"1979\" data-end=\"2286\">\n<p class=\"\" data-start=\"1981\" data-end=\"2286\">Tot i que la natura i la ruralitat s\u00f3n temes rellevants per a la resid\u00e8ncia, \u00e9s important tenir en compte que Can Serrat ja t\u00e9 una relaci\u00f3 consolidada amb aquests contextos. Per aix\u00f2, ens interessa especialment entendre qu\u00e8 perspectiva nova o original aporta la teva proposta en relaci\u00f3 a aquests temes.<\/p>\n<\/li>\n<li class=\"\" data-start=\"2287\" data-end=\"2379\">\n<p class=\"\" data-start=\"2289\" data-end=\"2379\">Investiga sobre Can Serrat i els seus voltants per contextualitzar millor el teu projecte.<\/p>\n<\/li>\n<\/ul>\n<p class=\"\" data-start=\"2386\" data-end=\"2434\"><strong data-start=\"2386\" data-end=\"2434\">Proc\u00e9s de sol\u00b7licitud i documents necessaris<\/strong><\/p>\n<ul data-start=\"2436\" data-end=\"2565\">\n<li class=\"\" data-start=\"2436\" data-end=\"2483\">\n<p class=\"\" data-start=\"2438\" data-end=\"2483\">Omple el <a href=\"https:\/\/forms.gle\/p4w5bv4rCc71L8Zs5\" target=\"_blank\" rel=\"noopener\"><strong data-start=\"2447\" data-end=\"2460\"><span style=\"color: #0000ff;\">FORMULARI<\/span><\/strong><\/a> amb les teves dades.<\/p>\n<\/li>\n<li class=\"\" data-start=\"2484\" data-end=\"2565\">\n<p class=\"\" data-start=\"2486\" data-end=\"2565\">Tamb\u00e9 se\u2019t demanar\u00e0 un arxiu .PDF titulat: \u201ccognom_nom_VA\/M_SA_2027Call\u201d.<\/p>\n<\/li>\n<\/ul>\n<p class=\"\" style=\"padding-left: 40px;\" data-start=\"2567\" data-end=\"2597\">Aquest document ha d&#8217;incloure:<\/p>\n<ul>\n<li style=\"list-style-type: none;\">\n<ul>\n<li>Un video* (3 min max) o una serie d&#8217;imatges per ensenyar\/parlar de la teva practica i obra.<\/li>\n<li class=\"\" data-start=\"2995\" data-end=\"3019\">Enlla\u00e7 a p\u00e0gina web personal (si escau).<\/li>\n<\/ul>\n<\/li>\n<\/ul>\n<p class=\"\" data-start=\"3125\" data-end=\"3210\">Si us plau, inclou un enlla\u00e7 incrustat al PDF per poder accedir a la gravaci\u00f3 de veu.<\/p>\n<p class=\"\" data-start=\"3212\" data-end=\"3315\">La sol\u00b7licitud pot ser en catal\u00e0, espanyol o angl\u00e8s. No podem acceptar altres idiomes en aquest moment.<\/p>\n<p class=\"\" data-start=\"1676\" data-end=\"1755\">T&#8217;animem a revisar el Handbook de 2027 per con\u00e8ixer m\u00e9s sobre la resid\u00e8ncia._ <iframe src=\"\/\/docs.google.com\/viewer?url=http%3A%2F%2Fcanserrat.org%2Fwp-content%2Fuploads%2F2026%2F07%2FHandbook_ESP_-2027.pdf&hl=es&embedded=true\" class=\"gde-frame\" style=\"width:100%; height:500px; border: none;\" scrolling=\"no\"><\/iframe>\n<p class=\"gde-text\"><a href=\"http:\/\/canserrat.org\/wp-content\/uploads\/2026\/07\/Handbook_ESP_-2027.pdf\" class=\"gde-link\">Descargar (PDF, 1.9MB)<\/a><\/p>\n<hr \/>\n<p class=\"isSelectedEnd\">Des de Can Serrat volem acompanyar i recon\u00e8ixer alguns dels processos desenvolupats durant les resid\u00e8ncies de 2027, oferint una Beca Producci\u00f3 i Beques Retorns per donar continu\u00eftat al treball iniciat en resid\u00e8ncia.<\/p>\n<p class=\"isSelectedEnd\">Beca Producci\u00f3 \u2014 Arts Visuals<br \/>\nDotaci\u00f3 econ\u00f2mica de 3.000 \u20ac* destinada a recon\u00e8ixer un dels processos art\u00edstics desenvolupats en resid\u00e8ncia i donar suport a la seva producci\u00f3 futura.<\/p>\n<p class=\"isSelectedEnd\">Beques Retorns \u2014 Arts Visuals i Escriptura<br \/>\nBeca de retorn a Can Serrat per realitzar una resid\u00e8ncia addicional d\u2019un mes durant l\u2019any seg\u00fcent.<\/p>\n<p class=\"isSelectedEnd\">Atorgades el desembre de 2027 entre les persones residents de Primavera, Estiu i Tardor. La selecci\u00f3 ser\u00e0 realitzada per l\u2019equip de Can Serrat en di\u00e0leg amb la professional convidada a desenvolupar les visites d\u2019estudi.<\/p>\n<p>*Subjectes a l\u2019obtenci\u00f3 d\u2019una subvenci\u00f3 p\u00fablica.","protected":false},"excerpt":{"rendered":"<p>ESTIU &#8211; TARDOR 2027CONVOCAT\u00d2RIA OBERTAper a ART VISUAL i MULTIDISCIPLINARI\u00a0a CAN SERRAT &nbsp; Can Serrat obre una nova convocat\u00f2ria de resid\u00e8ncia adre\u00e7ada a artistes visuals i multidisciplinaris de totes les traject\u00f2ries i nacionalitats. Les resid\u00e8ncies tindran lloc durant l\u2019estiu i &hellip; <a href=\"http:\/\/canserrat.org\/ca\/en-visual-art-residency-open-call-2027\">Continued<\/a><\/p>\n","protected":false},"author":4,"featured_media":10031,"comment_status":"closed","ping_status":"closed","sticky":false,"template":"","format":"standard","meta":{"_monsterinsights_skip_tracking":false,"footnotes":""},"categories":[71],"tags":[],"_links":{"self":[{"href":"http:\/\/canserrat.org\/ca\/wp-json\/wp\/v2\/posts\/10013"}],"collection":[{"href":"http:\/\/canserrat.org\/ca\/wp-json\/wp\/v2\/posts"}],"about":[{"href":"http:\/\/canserrat.org\/ca\/wp-json\/wp\/v2\/types\/post"}],"author":[{"embeddable":true,"href":"http:\/\/canserrat.org\/ca\/wp-json\/wp\/v2\/users\/4"}],"replies":[{"embeddable":true,"href":"http:\/\/canserrat.org\/ca\/wp-json\/wp\/v2\/comments?post=10013"}],"version-history":[{"count":16,"href":"http:\/\/canserrat.org\/ca\/wp-json\/wp\/v2\/posts\/10013\/revisions"}],"predecessor-version":[{"id":10040,"href":"http:\/\/canserrat.org\/ca\/wp-json\/wp\/v2\/posts\/10013\/revisions\/10040"}],"wp:featuredmedia":[{"embeddable":true,"href":"http:\/\/canserrat.org\/ca\/wp-json\/wp\/v2\/media\/10031"}],"wp:attachment":[{"href":"http:\/\/canserrat.org\/ca\/wp-json\/wp\/v2\/media?parent=10013"}],"wp:term":[{"taxonomy":"category","embeddable":true,"href":"http:\/\/canserrat.org\/ca\/wp-json\/wp\/v2\/categories?post=10013"},{"taxonomy":"post_tag","embeddable":true,"href":"http:\/\/canserrat.org\/ca\/wp-json\/wp\/v2\/tags?post=10013"}],"curies":[{"name":"wp","href":"https:\/\/api.w.org\/{rel}","templated":true}]}}